{"id":961,"date":"2022-02-03T21:00:41","date_gmt":"2022-02-03T20:00:41","guid":{"rendered":"https:\/\/united-business.lu\/?p=961"},"modified":"2022-09-28T18:16:02","modified_gmt":"2022-09-28T17:16:02","slug":"presse-discours-ubl-kick-off-event","status":"publish","type":"post","link":"https:\/\/united-business.lu\/fr\/presse-discours-ubl-kick-off-event\/","title":{"rendered":"PRESSE Discours UBL KICK OFF EVENT"},"content":{"rendered":"<h2>QUI SOMMES-NOUS ET QUELLE EST NOTRE VISION ?<\/h2>\n<p>Nous sommes 11 entrepreneurs du Nord du Luxembourg, issus de secteurs les plus divers, qui ont compris qu&rsquo;il est important, \u00e0 une \u00e9poque o\u00f9 le num\u00e9rique a beaucoup chang\u00e9 les relations entre soci\u00e9t\u00e9s, de faire \u00e9voluer son entreprise afin d&rsquo;\u00eatre \u00ab\u00a0up to date\u00a0\u00bb pour le monde d&rsquo;aujourd&rsquo;hui, et surtout pour celui de demain.<br \/>\nC&rsquo;est justement pendant la p\u00e9riode \u00ab CORONA \u00bb que l&rsquo;\u00e9change pr\u00e9sentiel s&rsquo;est perdu \u00e0 nos yeux. Pour nous, cet \u00e9change, la base du r\u00e9seautage, est plus important que jamais pour relever les d\u00e9fis de l&rsquo;avenir (mondialisation, Work Life Balance, etc.) !<\/p>\n<p>C&rsquo;est sous la devise \u00ab\u00a0Get together for better business\u00a0\u00bb que United Business, en abr\u00e9g\u00e9 UBL, a \u00e9t\u00e9 fond\u00e9e en juin dernier.<br \/>\n\u00ab\u00a0Get together\u00a0\u00bb, malgr\u00e9 le monde num\u00e9rique, signifie pour nous qu&rsquo;il est plus qu\u2019important de conna\u00eetre les personnes qui sont au-devant des entreprises et de mettre ces personnes en r\u00e9seau.<br \/>\nAu mieux les partenaires se connaissent, au mieux peuvent-ils accomplir des choses ensemble.<br \/>\nLa cr\u00e9ation du club doit permettre d&rsquo;enrichir la vie \u00e9conomique au G-D de Luxembourg, servir de point de contact pour des coop\u00e9rations et des \u00e9changes commerciaux, locaux mais \u00e9galement au-del\u00e0 des fronti\u00e8res nationales.<\/p>\n<h3>Quels sont les objectifs de l&rsquo;UBL :<\/h3>\n<ul>\n<li>la promotion, l&rsquo;\u00e9tablissement et le d\u00e9veloppement de relations d&rsquo;affaires dans la r\u00e9gion nord du Luxembourg.<\/li>\n<li>l&rsquo;acquisition et la r\u00e9alisation commune de grands projets dans diff\u00e9rents secteurs.<\/li>\n<li>la cr\u00e9ation d&rsquo;un r\u00e9seau de comp\u00e9tences en tant que premier point de contact pour des projets divers, comme par ex :\n<ul>\n<li>La cr\u00e9ation d&rsquo;entreprises.<\/li>\n<li>La num\u00e9risation et le d\u00e9veloppement strat\u00e9gique des entreprises, tant au niveau de la structure que de la gestion des processus.<\/li>\n<li>La cr\u00e9ation d&rsquo;un portail r\u00e9gional et transfrontalier d\u2019emplois, qui donnera une visibilit\u00e9 accrue aux employeurs et aux employ\u00e9s et va promouvoir le cercle d\u2019entreprises.<\/li>\n<li>Une formation continue, dans le nord du pays et ainsi \u00e9viter les d\u00e9placements des employ\u00e9s pour ses formations, vers Luxembourg-Ville.<\/li>\n<li>La mise en place d\u2019une source d&rsquo;informations pour les entrepreneurs de la r\u00e9gion, en collaboration avec les infrastructures existantes du pays, situ\u00e9es en grande partie en ville. (UBL fonctionnera comme \u00e9l\u00e9ment de liaison entre le sud et le nord du pays).<\/li>\n<li>Etablir une collaboration directe avec les autorit\u00e9s du pays et utiliser des avantages au niveau local. (Les orateurs suivants auront l\u2019occasion de mieux d\u00e9tailler ce point $dans leurs discours).<\/li>\n<li>Lors d&rsquo;\u00e9v\u00e9nements th\u00e9matiques, servir de lien entre les entrepreneurs et les organes officiels pour r\u00e9pondre \u00e0 leurs questions et leurs pr\u00e9occupations.<\/li>\n<li>Plus tard, nous pr\u00e9voyons l&rsquo;\u00e9change transfrontalier avec d&rsquo;autres r\u00e9seaux d&rsquo;affaires \/ institutions \/ entreprises.<\/li>\n<\/ul>\n<\/li>\n<\/ul>\n<h3>Comment cela se traduit-il dans la pratique ?<\/h3>\n<p>UBL pr\u00e9voit diff\u00e9rents \u00e9v\u00e9nements o\u00f9 seront discut\u00e9es des th\u00e9matiques et actualit\u00e9s comme par ex.<\/p>\n<ol>\n<li>la cryptomonnaie, comment et que signifie-t-elle pour l&rsquo;entrepreneur ?<\/li>\n<li>les aides de l&rsquo;\u00c9tat.<\/li>\n<li>les placements et la gestion de patrimoine<\/li>\n<li>le droit fiscal.<\/li>\n<li>les formations en entreprise, de mani\u00e8re g\u00e9n\u00e9rale.<\/li>\n<li>les fusions et remises d&rsquo;entreprises ainsi que les aides de l&rsquo;\u00c9tat et les projets y aff\u00e9rents.<\/li>\n<li>la gestion des d\u00e9chets et am\u00e9lioration des normes climatiques.<\/li>\n<li>les projets d&rsquo;innovation avec aides \u00e9tatiques.<\/li>\n<li>la num\u00e9risation.<\/li>\n<li>les assurances-groupes, etc. (OFFRE ? ???)<\/li>\n<li>les investissements immobiliers.<\/li>\n<li>les visites d&rsquo;entreprises<\/li>\n<li>nous r\u00e9pondrons volontiers aux suggestions de nos membres sur les sujets qui pourraient les int\u00e9resser.<\/li>\n<\/ol>\n<h3>Les \u00e9v\u00e9nements :<\/h3>\n<ul>\n<li>Nous d\u00e9marrerons la s\u00e9rie d\u2019\u00e9v\u00e9nements avec un After-Work le 17.03.2022.<\/li>\n<li>le 1er \u00e9v\u00e9nement aura lieu le 31 mars 2022<\/li>\n<li>Business-Day en automne de cette ann\u00e9e<\/li>\n<\/ul>\n<p>Un projet important sera le \u00ab\u00a0Business-Day\u00a0\u00bb annuel, qui sera une manifestation hybride permettant de visiter des entreprises et des bureaux, mais aussi de participer \u00e0 des s\u00e9ances d&rsquo;information en ligne.<\/p>\n<p>Nous sommes, bien entendu, ouverts aux propositions des membres, par exemple s&rsquo;ils r\u00e9alisent ou ont r\u00e9alis\u00e9 un projet ou une prestation particuli\u00e8re, qu&rsquo;ils d\u00e9sirent pr\u00e9senter au grand public, via une visite ou une pr\u00e9sentation exclusive et compl\u00e8te lors d\u2019un \u00e9v\u00e9nement.<\/p>\n<h3>Les raisons d&rsquo;adh\u00e9rer \u00e0 l&rsquo;UBL :<\/h3>\n<ol>\n<li>\u00eatre pr\u00e9sent et r\u00e9f\u00e9renc\u00e9 sur le site web de l&rsquo;UBL.<\/li>\n<li>avoir un acc\u00e8s r\u00e9gional aux formations et aux avantages qui ne sont actuellement disponibles pour leur majeure partie en ville.<\/li>\n<li>profiter des avantages d\u2019\u00eatre membre.<\/li>\n<li>raccourcir les distances et simplifier l\u2019\u00e9change de comp\u00e9tences.<\/li>\n<li>UBL est un interlocuteur fiable pour de nombreuses questions relatives aux entreprises. (Les membres peuvent adresser des demandes \u00e0 l&rsquo;UBL, l&rsquo;UBL trouve ou conna\u00eet le partenaire ou l&rsquo;autorit\u00e9 appropri\u00e9e et \u00e9tablira le lien entre les entit\u00e9s).<\/li>\n<li>participation aux UBL Business-Days<\/li>\n<li>avantages tarifaires lors de diff\u00e9rents \u00e9v\u00e9nements, acc\u00e8s \u00e0 des s\u00e9minaires et des formations, etc.<\/li>\n<li>Utilisation du futur portail de l&#8217;emploi.<\/li>\n<\/ol>\n<h3>Membres fondateurs :<\/h3>\n<ol>\n<li>Roland Neissen Pr\u00e9sident CEO ALLROUND CONSULTING<\/li>\n<li>Johannes Krahwinkel Vize Pr\u00e9sident Responsable HOTEL MASSEN<\/li>\n<li>Jean-Marie Langer Secr\u00e9taire EUROELEC<\/li>\n<li>Sven Hoffmann Tr\u00e9sorier HB GROUPE<\/li>\n<li>Christoph Gazon JUICE<\/li>\n<li>Kathleen Gross HOB<\/li>\n<li>Daniel Wiesemes SHIRTBOX<\/li>\n<li>Mireille Gritten MGH Immo<\/li>\n<li>Didier Rauw DIGITAL VISION<\/li>\n<li>Patrick Heinen HEINEN HOME DESIGN<\/li>\n<li>Achim Nelles Shift DIGITAL \u2013 KAMERA TEAM<\/li>\n<\/ol>\n<h3>Liste des intervenants :<\/h3>\n<ol>\n<li>Roland Neissen ALLROUND Consulting Pr\u00e4sident UBL<\/li>\n<li>Nathalie MULLER Repr\u00e9sentente GUICHET unique PME (5 Min.)<\/li>\n<li>Prof Dr. Marc ANT Administrateur d\u00e9l\u00e9gue CENTRE DE COMP\u00c9T\u00c9NCES (10 Min)<\/li>\n<li>Pol Goetzinger Repr\u00e9sentant CENTRE DE COMP\u00c9T\u00c9NCES DIGITAALT HANDWIERK (6 Min)<\/li>\n<li>Johnny BREBELS Repr\u00e9sentant LUXINNOVATION (5-6 Min)<\/li>\n<li>Ars\u00e8ne LAPLUME MASSEN SHOPPING CENTER (3-4 Min)<\/li>\n<li>Henri Rinnen Bourgmestre COMMUNE WEISWAMPACH<\/li>\n<\/ol>\n","protected":false},"excerpt":{"rendered":"<p>QUI SOMMES-NOUS ET QUELLE EST NOTRE VISION ? Nous sommes 11 entrepreneurs du Nord du Luxembourg, issus de secteurs les plus divers, qui ont compris qu&rsquo;il est important, \u00e0 une \u00e9poque o\u00f9 le num\u00e9rique a beaucoup chang\u00e9 les relations entre soci\u00e9t\u00e9s, de faire \u00e9voluer son entreprise afin d&rsquo;\u00eatre \u00ab\u00a0up to date\u00a0\u00bb pour le monde d&rsquo;aujourd&rsquo;hui, [&hellip;]<\/p>\n","protected":false},"author":1,"featured_media":843,"comment_status":"closed","ping_status":"closed","sticky":false,"template":"","format":"standard","meta":{"_acf_changed":false,"footnotes":""},"categories":[63,62],"tags":[],"class_list":["post-961","post","type-post","status-publish","format-standard","has-post-thumbnail","hentry","category-presse","category-united-business"],"acf":[],"yoast_head":"<!-- This site is optimized with the Yoast SEO plugin v27.5 - https:\/\/yoast.com\/product\/yoast-seo-wordpress\/ -->\n<title>PRESSE Discours UBL KICK OFF EVENT - United Business Luxembourg<\/title>\n<meta name=\"robots\" content=\"index, follow, max-snippet:-1, max-image-preview:large, max-video-preview:-1\" \/>\n<link rel=\"canonical\" href=\"https:\/\/united-business.lu\/fr\/presse-discours-ubl-kick-off-event\/\" \/>\n<meta property=\"og:locale\" content=\"fr_FR\" \/>\n<meta property=\"og:type\" content=\"article\" \/>\n<meta property=\"og:title\" content=\"PRESSE Discours UBL KICK OFF EVENT - United Business Luxembourg\" \/>\n<meta property=\"og:description\" content=\"QUI SOMMES-NOUS ET QUELLE EST NOTRE VISION ? Nous sommes 11 entrepreneurs du Nord du Luxembourg, issus de secteurs les plus divers, qui ont compris qu&rsquo;il est important, \u00e0 une \u00e9poque o\u00f9 le num\u00e9rique a beaucoup chang\u00e9 les relations entre soci\u00e9t\u00e9s, de faire \u00e9voluer son entreprise afin d&rsquo;\u00eatre \u00ab\u00a0up to date\u00a0\u00bb pour le monde d&rsquo;aujourd&rsquo;hui, [&hellip;]\" \/>\n<meta property=\"og:url\" content=\"https:\/\/united-business.lu\/fr\/presse-discours-ubl-kick-off-event\/\" \/>\n<meta property=\"og:site_name\" content=\"United Business Luxembourg\" \/>\n<meta property=\"article:published_time\" content=\"2022-02-03T20:00:41+00:00\" \/>\n<meta property=\"article:modified_time\" content=\"2022-09-28T17:16:02+00:00\" \/>\n<meta property=\"og:image\" content=\"https:\/\/united-business.lu\/wp-content\/uploads\/2022\/01\/kickoff-1.png\" \/>\n\t<meta property=\"og:image:width\" content=\"1269\" \/>\n\t<meta property=\"og:image:height\" content=\"585\" \/>\n\t<meta property=\"og:image:type\" content=\"image\/png\" \/>\n<meta name=\"author\" content=\"digvis\" \/>\n<meta name=\"twitter:card\" content=\"summary_large_image\" \/>\n<meta name=\"twitter:label1\" content=\"\u00c9crit par\" \/>\n\t<meta name=\"twitter:data1\" content=\"digvis\" \/>\n\t<meta name=\"twitter:label2\" content=\"Dur\u00e9e de lecture estim\u00e9e\" \/>\n\t<meta name=\"twitter:data2\" content=\"5 minutes\" \/>\n<script type=\"application\/ld+json\" class=\"yoast-schema-graph\">{\"@context\":\"https:\\\/\\\/schema.org\",\"@graph\":[{\"@type\":\"Article\",\"@id\":\"https:\\\/\\\/united-business.lu\\\/fr\\\/presse-discours-ubl-kick-off-event\\\/#article\",\"isPartOf\":{\"@id\":\"https:\\\/\\\/united-business.lu\\\/fr\\\/presse-discours-ubl-kick-off-event\\\/\"},\"author\":{\"name\":\"digvis\",\"@id\":\"https:\\\/\\\/united-business.lu\\\/#\\\/schema\\\/person\\\/9ec2c328c4b20d485d2b2c67bb810b50\"},\"headline\":\"PRESSE Discours UBL KICK OFF EVENT\",\"datePublished\":\"2022-02-03T20:00:41+00:00\",\"dateModified\":\"2022-09-28T17:16:02+00:00\",\"mainEntityOfPage\":{\"@id\":\"https:\\\/\\\/united-business.lu\\\/fr\\\/presse-discours-ubl-kick-off-event\\\/\"},\"wordCount\":978,\"image\":{\"@id\":\"https:\\\/\\\/united-business.lu\\\/fr\\\/presse-discours-ubl-kick-off-event\\\/#primaryimage\"},\"thumbnailUrl\":\"https:\\\/\\\/united-business.lu\\\/wp-content\\\/uploads\\\/2022\\\/01\\\/kickoff-1.png\",\"articleSection\":[\"Presse\",\"United Business\"],\"inLanguage\":\"fr-FR\"},{\"@type\":\"WebPage\",\"@id\":\"https:\\\/\\\/united-business.lu\\\/fr\\\/presse-discours-ubl-kick-off-event\\\/\",\"url\":\"https:\\\/\\\/united-business.lu\\\/fr\\\/presse-discours-ubl-kick-off-event\\\/\",\"name\":\"PRESSE Discours UBL KICK OFF EVENT - United Business Luxembourg\",\"isPartOf\":{\"@id\":\"https:\\\/\\\/united-business.lu\\\/#website\"},\"primaryImageOfPage\":{\"@id\":\"https:\\\/\\\/united-business.lu\\\/fr\\\/presse-discours-ubl-kick-off-event\\\/#primaryimage\"},\"image\":{\"@id\":\"https:\\\/\\\/united-business.lu\\\/fr\\\/presse-discours-ubl-kick-off-event\\\/#primaryimage\"},\"thumbnailUrl\":\"https:\\\/\\\/united-business.lu\\\/wp-content\\\/uploads\\\/2022\\\/01\\\/kickoff-1.png\",\"datePublished\":\"2022-02-03T20:00:41+00:00\",\"dateModified\":\"2022-09-28T17:16:02+00:00\",\"author\":{\"@id\":\"https:\\\/\\\/united-business.lu\\\/#\\\/schema\\\/person\\\/9ec2c328c4b20d485d2b2c67bb810b50\"},\"breadcrumb\":{\"@id\":\"https:\\\/\\\/united-business.lu\\\/fr\\\/presse-discours-ubl-kick-off-event\\\/#breadcrumb\"},\"inLanguage\":\"fr-FR\",\"potentialAction\":[{\"@type\":\"ReadAction\",\"target\":[\"https:\\\/\\\/united-business.lu\\\/fr\\\/presse-discours-ubl-kick-off-event\\\/\"]}]},{\"@type\":\"ImageObject\",\"inLanguage\":\"fr-FR\",\"@id\":\"https:\\\/\\\/united-business.lu\\\/fr\\\/presse-discours-ubl-kick-off-event\\\/#primaryimage\",\"url\":\"https:\\\/\\\/united-business.lu\\\/wp-content\\\/uploads\\\/2022\\\/01\\\/kickoff-1.png\",\"contentUrl\":\"https:\\\/\\\/united-business.lu\\\/wp-content\\\/uploads\\\/2022\\\/01\\\/kickoff-1.png\",\"width\":1269,\"height\":585},{\"@type\":\"BreadcrumbList\",\"@id\":\"https:\\\/\\\/united-business.lu\\\/fr\\\/presse-discours-ubl-kick-off-event\\\/#breadcrumb\",\"itemListElement\":[{\"@type\":\"ListItem\",\"position\":1,\"name\":\"Home\",\"item\":\"https:\\\/\\\/united-business.lu\\\/fr\\\/\"},{\"@type\":\"ListItem\",\"position\":2,\"name\":\"PRESSE Discours UBL KICK OFF EVENT\"}]},{\"@type\":\"WebSite\",\"@id\":\"https:\\\/\\\/united-business.lu\\\/#website\",\"url\":\"https:\\\/\\\/united-business.lu\\\/\",\"name\":\"United Business Luxembourg\",\"description\":\"Get together for better business\",\"potentialAction\":[{\"@type\":\"SearchAction\",\"target\":{\"@type\":\"EntryPoint\",\"urlTemplate\":\"https:\\\/\\\/united-business.lu\\\/?s={search_term_string}\"},\"query-input\":{\"@type\":\"PropertyValueSpecification\",\"valueRequired\":true,\"valueName\":\"search_term_string\"}}],\"inLanguage\":\"fr-FR\"},{\"@type\":\"Person\",\"@id\":\"https:\\\/\\\/united-business.lu\\\/#\\\/schema\\\/person\\\/9ec2c328c4b20d485d2b2c67bb810b50\",\"name\":\"digvis\",\"image\":{\"@type\":\"ImageObject\",\"inLanguage\":\"fr-FR\",\"@id\":\"https:\\\/\\\/secure.gravatar.com\\\/avatar\\\/2c46051deb97a40a8fb341b522acb63fdbcd6ca350a2c90501d6921f71cd542a?s=96&d=mm&r=g\",\"url\":\"https:\\\/\\\/secure.gravatar.com\\\/avatar\\\/2c46051deb97a40a8fb341b522acb63fdbcd6ca350a2c90501d6921f71cd542a?s=96&d=mm&r=g\",\"contentUrl\":\"https:\\\/\\\/secure.gravatar.com\\\/avatar\\\/2c46051deb97a40a8fb341b522acb63fdbcd6ca350a2c90501d6921f71cd542a?s=96&d=mm&r=g\",\"caption\":\"digvis\"},\"sameAs\":[\"http:\\\/\\\/ubl.local\"],\"url\":\"https:\\\/\\\/united-business.lu\\\/fr\\\/author\\\/digvis\\\/\"}]}<\/script>\n<!-- \/ Yoast SEO plugin. -->","yoast_head_json":{"title":"PRESSE Discours UBL KICK OFF EVENT - United Business Luxembourg","robots":{"index":"index","follow":"follow","max-snippet":"max-snippet:-1","max-image-preview":"max-image-preview:large","max-video-preview":"max-video-preview:-1"},"canonical":"https:\/\/united-business.lu\/fr\/presse-discours-ubl-kick-off-event\/","og_locale":"fr_FR","og_type":"article","og_title":"PRESSE Discours UBL KICK OFF EVENT - United Business Luxembourg","og_description":"QUI SOMMES-NOUS ET QUELLE EST NOTRE VISION ? Nous sommes 11 entrepreneurs du Nord du Luxembourg, issus de secteurs les plus divers, qui ont compris qu&rsquo;il est important, \u00e0 une \u00e9poque o\u00f9 le num\u00e9rique a beaucoup chang\u00e9 les relations entre soci\u00e9t\u00e9s, de faire \u00e9voluer son entreprise afin d&rsquo;\u00eatre \u00ab\u00a0up to date\u00a0\u00bb pour le monde d&rsquo;aujourd&rsquo;hui, [&hellip;]","og_url":"https:\/\/united-business.lu\/fr\/presse-discours-ubl-kick-off-event\/","og_site_name":"United Business Luxembourg","article_published_time":"2022-02-03T20:00:41+00:00","article_modified_time":"2022-09-28T17:16:02+00:00","og_image":[{"width":1269,"height":585,"url":"https:\/\/united-business.lu\/wp-content\/uploads\/2022\/01\/kickoff-1.png","type":"image\/png"}],"author":"digvis","twitter_card":"summary_large_image","twitter_misc":{"\u00c9crit par":"digvis","Dur\u00e9e de lecture estim\u00e9e":"5 minutes"},"schema":{"@context":"https:\/\/schema.org","@graph":[{"@type":"Article","@id":"https:\/\/united-business.lu\/fr\/presse-discours-ubl-kick-off-event\/#article","isPartOf":{"@id":"https:\/\/united-business.lu\/fr\/presse-discours-ubl-kick-off-event\/"},"author":{"name":"digvis","@id":"https:\/\/united-business.lu\/#\/schema\/person\/9ec2c328c4b20d485d2b2c67bb810b50"},"headline":"PRESSE Discours UBL KICK OFF EVENT","datePublished":"2022-02-03T20:00:41+00:00","dateModified":"2022-09-28T17:16:02+00:00","mainEntityOfPage":{"@id":"https:\/\/united-business.lu\/fr\/presse-discours-ubl-kick-off-event\/"},"wordCount":978,"image":{"@id":"https:\/\/united-business.lu\/fr\/presse-discours-ubl-kick-off-event\/#primaryimage"},"thumbnailUrl":"https:\/\/united-business.lu\/wp-content\/uploads\/2022\/01\/kickoff-1.png","articleSection":["Presse","United Business"],"inLanguage":"fr-FR"},{"@type":"WebPage","@id":"https:\/\/united-business.lu\/fr\/presse-discours-ubl-kick-off-event\/","url":"https:\/\/united-business.lu\/fr\/presse-discours-ubl-kick-off-event\/","name":"PRESSE Discours UBL KICK OFF EVENT - United Business Luxembourg","isPartOf":{"@id":"https:\/\/united-business.lu\/#website"},"primaryImageOfPage":{"@id":"https:\/\/united-business.lu\/fr\/presse-discours-ubl-kick-off-event\/#primaryimage"},"image":{"@id":"https:\/\/united-business.lu\/fr\/presse-discours-ubl-kick-off-event\/#primaryimage"},"thumbnailUrl":"https:\/\/united-business.lu\/wp-content\/uploads\/2022\/01\/kickoff-1.png","datePublished":"2022-02-03T20:00:41+00:00","dateModified":"2022-09-28T17:16:02+00:00","author":{"@id":"https:\/\/united-business.lu\/#\/schema\/person\/9ec2c328c4b20d485d2b2c67bb810b50"},"breadcrumb":{"@id":"https:\/\/united-business.lu\/fr\/presse-discours-ubl-kick-off-event\/#breadcrumb"},"inLanguage":"fr-FR","potentialAction":[{"@type":"ReadAction","target":["https:\/\/united-business.lu\/fr\/presse-discours-ubl-kick-off-event\/"]}]},{"@type":"ImageObject","inLanguage":"fr-FR","@id":"https:\/\/united-business.lu\/fr\/presse-discours-ubl-kick-off-event\/#primaryimage","url":"https:\/\/united-business.lu\/wp-content\/uploads\/2022\/01\/kickoff-1.png","contentUrl":"https:\/\/united-business.lu\/wp-content\/uploads\/2022\/01\/kickoff-1.png","width":1269,"height":585},{"@type":"BreadcrumbList","@id":"https:\/\/united-business.lu\/fr\/presse-discours-ubl-kick-off-event\/#breadcrumb","itemListElement":[{"@type":"ListItem","position":1,"name":"Home","item":"https:\/\/united-business.lu\/fr\/"},{"@type":"ListItem","position":2,"name":"PRESSE Discours UBL KICK OFF EVENT"}]},{"@type":"WebSite","@id":"https:\/\/united-business.lu\/#website","url":"https:\/\/united-business.lu\/","name":"United Business Luxembourg","description":"Get together for better business","potentialAction":[{"@type":"SearchAction","target":{"@type":"EntryPoint","urlTemplate":"https:\/\/united-business.lu\/?s={search_term_string}"},"query-input":{"@type":"PropertyValueSpecification","valueRequired":true,"valueName":"search_term_string"}}],"inLanguage":"fr-FR"},{"@type":"Person","@id":"https:\/\/united-business.lu\/#\/schema\/person\/9ec2c328c4b20d485d2b2c67bb810b50","name":"digvis","image":{"@type":"ImageObject","inLanguage":"fr-FR","@id":"https:\/\/secure.gravatar.com\/avatar\/2c46051deb97a40a8fb341b522acb63fdbcd6ca350a2c90501d6921f71cd542a?s=96&d=mm&r=g","url":"https:\/\/secure.gravatar.com\/avatar\/2c46051deb97a40a8fb341b522acb63fdbcd6ca350a2c90501d6921f71cd542a?s=96&d=mm&r=g","contentUrl":"https:\/\/secure.gravatar.com\/avatar\/2c46051deb97a40a8fb341b522acb63fdbcd6ca350a2c90501d6921f71cd542a?s=96&d=mm&r=g","caption":"digvis"},"sameAs":["http:\/\/ubl.local"],"url":"https:\/\/united-business.lu\/fr\/author\/digvis\/"}]}},"_links":{"self":[{"href":"https:\/\/united-business.lu\/fr\/wp-json\/wp\/v2\/posts\/961","targetHints":{"allow":["GET"]}}],"collection":[{"href":"https:\/\/united-business.lu\/fr\/wp-json\/wp\/v2\/posts"}],"about":[{"href":"https:\/\/united-business.lu\/fr\/wp-json\/wp\/v2\/types\/post"}],"author":[{"embeddable":true,"href":"https:\/\/united-business.lu\/fr\/wp-json\/wp\/v2\/users\/1"}],"replies":[{"embeddable":true,"href":"https:\/\/united-business.lu\/fr\/wp-json\/wp\/v2\/comments?post=961"}],"version-history":[{"count":4,"href":"https:\/\/united-business.lu\/fr\/wp-json\/wp\/v2\/posts\/961\/revisions"}],"predecessor-version":[{"id":967,"href":"https:\/\/united-business.lu\/fr\/wp-json\/wp\/v2\/posts\/961\/revisions\/967"}],"wp:featuredmedia":[{"embeddable":true,"href":"https:\/\/united-business.lu\/fr\/wp-json\/wp\/v2\/media\/843"}],"wp:attachment":[{"href":"https:\/\/united-business.lu\/fr\/wp-json\/wp\/v2\/media?parent=961"}],"wp:term":[{"taxonomy":"category","embeddable":true,"href":"https:\/\/united-business.lu\/fr\/wp-json\/wp\/v2\/categories?post=961"},{"taxonomy":"post_tag","embeddable":true,"href":"https:\/\/united-business.lu\/fr\/wp-json\/wp\/v2\/tags?post=961"}],"curies":[{"name":"wp","href":"https:\/\/api.w.org\/{rel}","templated":true}]}}