{"id":8685,"date":"2023-10-18T11:15:49","date_gmt":"2023-10-18T09:15:49","guid":{"rendered":"https:\/\/united-business.lu\/?p=8685"},"modified":"2023-10-23T08:16:15","modified_gmt":"2023-10-23T06:16:15","slug":"soiree-thematique-ubl-du-09-novembre-2023","status":"publish","type":"post","link":"https:\/\/united-business.lu\/fr\/soiree-thematique-ubl-du-09-novembre-2023\/","title":{"rendered":"Soir\u00e9e th\u00e9matique UBL du 09 novembre 2023"},"content":{"rendered":"<h2>Le leader du futur<\/h2>\n<p><strong><br \/>\n<\/strong>\u00ab\u00a0Personne ne m&rsquo;a pr\u00e9par\u00e9 \u00e0 cela&#8230;\u00a0\u00bb, rapportent r\u00e9guli\u00e8rement des CEO dans le cadre du coaching, car la plupart d&rsquo;entre eux n&rsquo;ont pas \u00e9t\u00e9 form\u00e9s au leadership, mais ont appris dans la pratique qu&rsquo;une sorte de \u00ab\u00a0g\u00e8ne du leader\u00a0\u00bb s&rsquo;activait chez eux. Ces \u00ab\u00a0diamants bruts\u00a0\u00bb travaillent g\u00e9n\u00e9ralement avec beaucoup de dynamisme et de succ\u00e8s, mais sont r\u00e9guli\u00e8rement rattrap\u00e9s par des difficult\u00e9s dans des domaines bien pr\u00e9cis : communication, gestion d&rsquo;\u00e9quipes croissantes et de collaborateurs toujours plus exigeants, auto-organisation, d\u00e9l\u00e9gation efficace, fondation de la motivation et des id\u00e9es directrices. Et tout cela sur fond de complexit\u00e9 et d&rsquo;incertitude de notre \u00e9poque qui se num\u00e9rise \u00e0 toute vitesse ! Sur la toile, on se retrouve finalement face \u00e0 un nombre d\u00e9routant de concepts prometteurs sous des mots-cl\u00e9s toujours nouveaux et on parle de \u00ab\u00a0personnalit\u00e9\u00a0\u00bb, de \u00ab\u00a0chef coach\u00a0\u00bb et de \u00ab\u00a0leadership bas\u00e9 sur des valeurs\u00a0\u00bb. Ce qui reste, c&rsquo;est souvent le sentiment d&rsquo;\u00eatre d\u00e9pass\u00e9, car il faut d\u00e9sormais aussi prendre du temps pour le d\u00e9veloppement personnel.<\/p>\n<p>Lors de cette soir\u00e9e destin\u00e9e aux CEO, chefs d&rsquo;\u00e9quipe et cadres de tous types, Armin Wilding esquisse le profil du \u00ab\u00a0leader du futur\u00a0\u00bb et des approches durables en mati\u00e8re de coaching de cadres, qui se basent sur les comp\u00e9tences ou les \u00ab\u00a0soft skills\u00a0\u00bb d\u00e9j\u00e0 existantes des cadres dirigeants. Enfin, la soir\u00e9e donne un aper\u00e7u de la mani\u00e8re dont le \u00ab\u00a0chemin du leader\u00a0\u00bb peut devenir un chemin de maturation personnelle et humaine, afin que les grandes responsabilit\u00e9s soient finalement port\u00e9es par de grandes personnalit\u00e9s.<\/p>\n<p>Conception : Armin Wilding MA (St. Vith) Coach de dirigeants, conseiller syst\u00e9mique et psychologique. A travaill\u00e9 pendant plus d&rsquo;une d\u00e9cennie pour des PME au niveau international dans le secteur de l&rsquo;\u00e9nergie. Directeur de la repr\u00e9sentation commerciale en Russie de Vision UPS Systems \u00e0 Beiler. Derni\u00e8rement, directeur g\u00e9n\u00e9ral de Vision UPS Systems, o\u00f9 il a men\u00e9 \u00e0 bien le projet \u00ab\u00a0batterX\u00a0\u00bb, une combinaison d&rsquo;alimentation \u00e9lectrique ininterrompue et de stockage solaire enti\u00e8rement autonome.<\/p>\n<p>La pr\u00e9sentation se fera en langue Allemande.<\/p>\n<p>Pas encore inscrit ? <a href=\"https:\/\/united-business.lu\/fr\/inscription-09-11-2023\/\">INSCRIPTION VIA CE LIEN<\/a><\/p>\n<h3>Intervenants<\/h3>\n<p><b>Armin Wilding<\/b><\/p>\n<h3>O\u00f9 ?<\/h3>\n<p>BELETAGE<br \/>\nSHOPPING CENTER MASSEN<\/p>\n<p>24, Op der Haart<br \/>\nL-9999 Wemperhardt<\/p>\n<h3>Programme<\/h3>\n<p><strong>18:00<\/strong><br \/>\nD\u00e9but de la pr\u00e9sentation<\/p>\n<p><strong>19:00<\/strong><br \/>\nFin de la pr\u00e9sentation &#8211;<br \/>\nQuestions et r\u00e9ponses<\/p>\n<p><strong>20:00<\/strong><br \/>\nVerre de l\u2019amiti\u00e9 &amp; Networking<\/p>\n<p><strong>22:30<\/strong><br \/>\nFin de l\u2019\u00e9v\u00e8nement<\/p>\n","protected":false},"excerpt":{"rendered":"<p>Le leader du futur \u00ab\u00a0Personne ne m&rsquo;a pr\u00e9par\u00e9 \u00e0 cela&#8230;\u00a0\u00bb, rapportent r\u00e9guli\u00e8rement des CEO dans le cadre du coaching, car la plupart d&rsquo;entre eux n&rsquo;ont pas \u00e9t\u00e9 form\u00e9s au leadership, mais ont appris dans la pratique qu&rsquo;une sorte de \u00ab\u00a0g\u00e8ne du leader\u00a0\u00bb s&rsquo;activait chez eux. Ces \u00ab\u00a0diamants bruts\u00a0\u00bb travaillent g\u00e9n\u00e9ralement avec beaucoup de dynamisme et [&hellip;]<\/p>\n","protected":false},"author":1,"featured_media":8688,"comment_status":"closed","ping_status":"closed","sticky":false,"template":"","format":"standard","meta":{"_acf_changed":false,"footnotes":""},"categories":[1],"tags":[],"class_list":["post-8685","post","type-post","status-publish","format-standard","has-post-thumbnail","hentry","category-evenements"],"acf":[],"yoast_head":"<!-- This site is optimized with the Yoast SEO plugin v27.5 - https:\/\/yoast.com\/product\/yoast-seo-wordpress\/ -->\n<title>United Business Luxembourg - Le leader du futur<\/title>\n<meta name=\"description\" content=\"Lors de cette soir\u00e9e destin\u00e9e aux CEO, chefs d&#039;\u00e9quipe et cadres de tous types, Armin Wilding esquisse le profil du &quot;leader du futur&quot; et des approches durables en mati\u00e8re de coaching de cadres, qui se basent sur les comp\u00e9tences ou les &quot;soft skills&quot; d\u00e9j\u00e0 existantes des cadres dirigeants. Enfin, la soir\u00e9e donne un aper\u00e7u de la mani\u00e8re dont le &quot;chemin du leader&quot; peut devenir un chemin de maturation personnelle et humaine, afin que les grandes responsabilit\u00e9s soient finalement port\u00e9es par de grandes personnalit\u00e9s.\" \/>\n<meta name=\"robots\" content=\"index, follow, max-snippet:-1, max-image-preview:large, max-video-preview:-1\" \/>\n<link rel=\"canonical\" href=\"https:\/\/united-business.lu\/fr\/soiree-thematique-ubl-du-09-novembre-2023\/\" \/>\n<meta property=\"og:locale\" content=\"fr_FR\" \/>\n<meta property=\"og:type\" content=\"article\" \/>\n<meta property=\"og:title\" content=\"United Business Luxembourg - Le leader du futur\" \/>\n<meta property=\"og:description\" content=\"Lors de cette soir\u00e9e destin\u00e9e aux CEO, chefs d&#039;\u00e9quipe et cadres de tous types, Armin Wilding esquisse le profil du &quot;leader du futur&quot; et des approches durables en mati\u00e8re de coaching de cadres, qui se basent sur les comp\u00e9tences ou les &quot;soft skills&quot; d\u00e9j\u00e0 existantes des cadres dirigeants. Enfin, la soir\u00e9e donne un aper\u00e7u de la mani\u00e8re dont le &quot;chemin du leader&quot; peut devenir un chemin de maturation personnelle et humaine, afin que les grandes responsabilit\u00e9s soient finalement port\u00e9es par de grandes personnalit\u00e9s.\" \/>\n<meta property=\"og:url\" content=\"https:\/\/united-business.lu\/fr\/soiree-thematique-ubl-du-09-novembre-2023\/\" \/>\n<meta property=\"og:site_name\" content=\"United Business Luxembourg\" \/>\n<meta property=\"article:published_time\" content=\"2023-10-18T09:15:49+00:00\" \/>\n<meta property=\"article:modified_time\" content=\"2023-10-23T06:16:15+00:00\" \/>\n<meta property=\"og:image\" content=\"https:\/\/united-business.lu\/wp-content\/uploads\/2023\/10\/11062b_072261af1e1d44078a83038698078b52mv2-scaled.jpg\" \/>\n\t<meta property=\"og:image:width\" content=\"2560\" \/>\n\t<meta property=\"og:image:height\" content=\"1920\" \/>\n\t<meta property=\"og:image:type\" content=\"image\/jpeg\" \/>\n<meta name=\"author\" content=\"digvis\" \/>\n<meta name=\"twitter:card\" content=\"summary_large_image\" \/>\n<meta name=\"twitter:label1\" content=\"\u00c9crit par\" \/>\n\t<meta name=\"twitter:data1\" content=\"digvis\" \/>\n\t<meta name=\"twitter:label2\" content=\"Dur\u00e9e de lecture estim\u00e9e\" \/>\n\t<meta name=\"twitter:data2\" content=\"2 minutes\" \/>\n<script type=\"application\/ld+json\" class=\"yoast-schema-graph\">{\"@context\":\"https:\\\/\\\/schema.org\",\"@graph\":[{\"@type\":\"Article\",\"@id\":\"https:\\\/\\\/united-business.lu\\\/fr\\\/soiree-thematique-ubl-du-09-novembre-2023\\\/#article\",\"isPartOf\":{\"@id\":\"https:\\\/\\\/united-business.lu\\\/fr\\\/soiree-thematique-ubl-du-09-novembre-2023\\\/\"},\"author\":{\"name\":\"digvis\",\"@id\":\"https:\\\/\\\/united-business.lu\\\/#\\\/schema\\\/person\\\/9ec2c328c4b20d485d2b2c67bb810b50\"},\"headline\":\"Soir\u00e9e th\u00e9matique UBL du 09 novembre 2023\",\"datePublished\":\"2023-10-18T09:15:49+00:00\",\"dateModified\":\"2023-10-23T06:16:15+00:00\",\"mainEntityOfPage\":{\"@id\":\"https:\\\/\\\/united-business.lu\\\/fr\\\/soiree-thematique-ubl-du-09-novembre-2023\\\/\"},\"wordCount\":428,\"image\":{\"@id\":\"https:\\\/\\\/united-business.lu\\\/fr\\\/soiree-thematique-ubl-du-09-novembre-2023\\\/#primaryimage\"},\"thumbnailUrl\":\"https:\\\/\\\/united-business.lu\\\/wp-content\\\/uploads\\\/2023\\\/10\\\/11062b_072261af1e1d44078a83038698078b52mv2-scaled.jpg\",\"articleSection\":[\"Ev\u00e8nements\"],\"inLanguage\":\"fr-FR\"},{\"@type\":\"WebPage\",\"@id\":\"https:\\\/\\\/united-business.lu\\\/fr\\\/soiree-thematique-ubl-du-09-novembre-2023\\\/\",\"url\":\"https:\\\/\\\/united-business.lu\\\/fr\\\/soiree-thematique-ubl-du-09-novembre-2023\\\/\",\"name\":\"United Business Luxembourg - Le leader du futur\",\"isPartOf\":{\"@id\":\"https:\\\/\\\/united-business.lu\\\/#website\"},\"primaryImageOfPage\":{\"@id\":\"https:\\\/\\\/united-business.lu\\\/fr\\\/soiree-thematique-ubl-du-09-novembre-2023\\\/#primaryimage\"},\"image\":{\"@id\":\"https:\\\/\\\/united-business.lu\\\/fr\\\/soiree-thematique-ubl-du-09-novembre-2023\\\/#primaryimage\"},\"thumbnailUrl\":\"https:\\\/\\\/united-business.lu\\\/wp-content\\\/uploads\\\/2023\\\/10\\\/11062b_072261af1e1d44078a83038698078b52mv2-scaled.jpg\",\"datePublished\":\"2023-10-18T09:15:49+00:00\",\"dateModified\":\"2023-10-23T06:16:15+00:00\",\"author\":{\"@id\":\"https:\\\/\\\/united-business.lu\\\/#\\\/schema\\\/person\\\/9ec2c328c4b20d485d2b2c67bb810b50\"},\"description\":\"Lors de cette soir\u00e9e destin\u00e9e aux CEO, chefs d'\u00e9quipe et cadres de tous types, Armin Wilding esquisse le profil du \\\"leader du futur\\\" et des approches durables en mati\u00e8re de coaching de cadres, qui se basent sur les comp\u00e9tences ou les \\\"soft skills\\\" d\u00e9j\u00e0 existantes des cadres dirigeants. Enfin, la soir\u00e9e donne un aper\u00e7u de la mani\u00e8re dont le \\\"chemin du leader\\\" peut devenir un chemin de maturation personnelle et humaine, afin que les grandes responsabilit\u00e9s soient finalement port\u00e9es par de grandes personnalit\u00e9s.\",\"breadcrumb\":{\"@id\":\"https:\\\/\\\/united-business.lu\\\/fr\\\/soiree-thematique-ubl-du-09-novembre-2023\\\/#breadcrumb\"},\"inLanguage\":\"fr-FR\",\"potentialAction\":[{\"@type\":\"ReadAction\",\"target\":[\"https:\\\/\\\/united-business.lu\\\/fr\\\/soiree-thematique-ubl-du-09-novembre-2023\\\/\"]}]},{\"@type\":\"ImageObject\",\"inLanguage\":\"fr-FR\",\"@id\":\"https:\\\/\\\/united-business.lu\\\/fr\\\/soiree-thematique-ubl-du-09-novembre-2023\\\/#primaryimage\",\"url\":\"https:\\\/\\\/united-business.lu\\\/wp-content\\\/uploads\\\/2023\\\/10\\\/11062b_072261af1e1d44078a83038698078b52mv2-scaled.jpg\",\"contentUrl\":\"https:\\\/\\\/united-business.lu\\\/wp-content\\\/uploads\\\/2023\\\/10\\\/11062b_072261af1e1d44078a83038698078b52mv2-scaled.jpg\",\"width\":2560,\"height\":1920},{\"@type\":\"BreadcrumbList\",\"@id\":\"https:\\\/\\\/united-business.lu\\\/fr\\\/soiree-thematique-ubl-du-09-novembre-2023\\\/#breadcrumb\",\"itemListElement\":[{\"@type\":\"ListItem\",\"position\":1,\"name\":\"Home\",\"item\":\"https:\\\/\\\/united-business.lu\\\/fr\\\/\"},{\"@type\":\"ListItem\",\"position\":2,\"name\":\"Soir\u00e9e th\u00e9matique UBL du 09 novembre 2023\"}]},{\"@type\":\"WebSite\",\"@id\":\"https:\\\/\\\/united-business.lu\\\/#website\",\"url\":\"https:\\\/\\\/united-business.lu\\\/\",\"name\":\"United Business Luxembourg\",\"description\":\"Get together for better business\",\"potentialAction\":[{\"@type\":\"SearchAction\",\"target\":{\"@type\":\"EntryPoint\",\"urlTemplate\":\"https:\\\/\\\/united-business.lu\\\/?s={search_term_string}\"},\"query-input\":{\"@type\":\"PropertyValueSpecification\",\"valueRequired\":true,\"valueName\":\"search_term_string\"}}],\"inLanguage\":\"fr-FR\"},{\"@type\":\"Person\",\"@id\":\"https:\\\/\\\/united-business.lu\\\/#\\\/schema\\\/person\\\/9ec2c328c4b20d485d2b2c67bb810b50\",\"name\":\"digvis\",\"image\":{\"@type\":\"ImageObject\",\"inLanguage\":\"fr-FR\",\"@id\":\"https:\\\/\\\/secure.gravatar.com\\\/avatar\\\/2c46051deb97a40a8fb341b522acb63fdbcd6ca350a2c90501d6921f71cd542a?s=96&d=mm&r=g\",\"url\":\"https:\\\/\\\/secure.gravatar.com\\\/avatar\\\/2c46051deb97a40a8fb341b522acb63fdbcd6ca350a2c90501d6921f71cd542a?s=96&d=mm&r=g\",\"contentUrl\":\"https:\\\/\\\/secure.gravatar.com\\\/avatar\\\/2c46051deb97a40a8fb341b522acb63fdbcd6ca350a2c90501d6921f71cd542a?s=96&d=mm&r=g\",\"caption\":\"digvis\"},\"sameAs\":[\"http:\\\/\\\/ubl.local\"],\"url\":\"https:\\\/\\\/united-business.lu\\\/fr\\\/author\\\/digvis\\\/\"}]}<\/script>\n<!-- \/ Yoast SEO plugin. -->","yoast_head_json":{"title":"United Business Luxembourg - Le leader du futur","description":"Lors de cette soir\u00e9e destin\u00e9e aux CEO, chefs d'\u00e9quipe et cadres de tous types, Armin Wilding esquisse le profil du \"leader du futur\" et des approches durables en mati\u00e8re de coaching de cadres, qui se basent sur les comp\u00e9tences ou les \"soft skills\" d\u00e9j\u00e0 existantes des cadres dirigeants. Enfin, la soir\u00e9e donne un aper\u00e7u de la mani\u00e8re dont le \"chemin du leader\" peut devenir un chemin de maturation personnelle et humaine, afin que les grandes responsabilit\u00e9s soient finalement port\u00e9es par de grandes personnalit\u00e9s.","robots":{"index":"index","follow":"follow","max-snippet":"max-snippet:-1","max-image-preview":"max-image-preview:large","max-video-preview":"max-video-preview:-1"},"canonical":"https:\/\/united-business.lu\/fr\/soiree-thematique-ubl-du-09-novembre-2023\/","og_locale":"fr_FR","og_type":"article","og_title":"United Business Luxembourg - Le leader du futur","og_description":"Lors de cette soir\u00e9e destin\u00e9e aux CEO, chefs d'\u00e9quipe et cadres de tous types, Armin Wilding esquisse le profil du \"leader du futur\" et des approches durables en mati\u00e8re de coaching de cadres, qui se basent sur les comp\u00e9tences ou les \"soft skills\" d\u00e9j\u00e0 existantes des cadres dirigeants. Enfin, la soir\u00e9e donne un aper\u00e7u de la mani\u00e8re dont le \"chemin du leader\" peut devenir un chemin de maturation personnelle et humaine, afin que les grandes responsabilit\u00e9s soient finalement port\u00e9es par de grandes personnalit\u00e9s.","og_url":"https:\/\/united-business.lu\/fr\/soiree-thematique-ubl-du-09-novembre-2023\/","og_site_name":"United Business Luxembourg","article_published_time":"2023-10-18T09:15:49+00:00","article_modified_time":"2023-10-23T06:16:15+00:00","og_image":[{"width":2560,"height":1920,"url":"https:\/\/united-business.lu\/wp-content\/uploads\/2023\/10\/11062b_072261af1e1d44078a83038698078b52mv2-scaled.jpg","type":"image\/jpeg"}],"author":"digvis","twitter_card":"summary_large_image","twitter_misc":{"\u00c9crit par":"digvis","Dur\u00e9e de lecture estim\u00e9e":"2 minutes"},"schema":{"@context":"https:\/\/schema.org","@graph":[{"@type":"Article","@id":"https:\/\/united-business.lu\/fr\/soiree-thematique-ubl-du-09-novembre-2023\/#article","isPartOf":{"@id":"https:\/\/united-business.lu\/fr\/soiree-thematique-ubl-du-09-novembre-2023\/"},"author":{"name":"digvis","@id":"https:\/\/united-business.lu\/#\/schema\/person\/9ec2c328c4b20d485d2b2c67bb810b50"},"headline":"Soir\u00e9e th\u00e9matique UBL du 09 novembre 2023","datePublished":"2023-10-18T09:15:49+00:00","dateModified":"2023-10-23T06:16:15+00:00","mainEntityOfPage":{"@id":"https:\/\/united-business.lu\/fr\/soiree-thematique-ubl-du-09-novembre-2023\/"},"wordCount":428,"image":{"@id":"https:\/\/united-business.lu\/fr\/soiree-thematique-ubl-du-09-novembre-2023\/#primaryimage"},"thumbnailUrl":"https:\/\/united-business.lu\/wp-content\/uploads\/2023\/10\/11062b_072261af1e1d44078a83038698078b52mv2-scaled.jpg","articleSection":["Ev\u00e8nements"],"inLanguage":"fr-FR"},{"@type":"WebPage","@id":"https:\/\/united-business.lu\/fr\/soiree-thematique-ubl-du-09-novembre-2023\/","url":"https:\/\/united-business.lu\/fr\/soiree-thematique-ubl-du-09-novembre-2023\/","name":"United Business Luxembourg - Le leader du futur","isPartOf":{"@id":"https:\/\/united-business.lu\/#website"},"primaryImageOfPage":{"@id":"https:\/\/united-business.lu\/fr\/soiree-thematique-ubl-du-09-novembre-2023\/#primaryimage"},"image":{"@id":"https:\/\/united-business.lu\/fr\/soiree-thematique-ubl-du-09-novembre-2023\/#primaryimage"},"thumbnailUrl":"https:\/\/united-business.lu\/wp-content\/uploads\/2023\/10\/11062b_072261af1e1d44078a83038698078b52mv2-scaled.jpg","datePublished":"2023-10-18T09:15:49+00:00","dateModified":"2023-10-23T06:16:15+00:00","author":{"@id":"https:\/\/united-business.lu\/#\/schema\/person\/9ec2c328c4b20d485d2b2c67bb810b50"},"description":"Lors de cette soir\u00e9e destin\u00e9e aux CEO, chefs d'\u00e9quipe et cadres de tous types, Armin Wilding esquisse le profil du \"leader du futur\" et des approches durables en mati\u00e8re de coaching de cadres, qui se basent sur les comp\u00e9tences ou les \"soft skills\" d\u00e9j\u00e0 existantes des cadres dirigeants. Enfin, la soir\u00e9e donne un aper\u00e7u de la mani\u00e8re dont le \"chemin du leader\" peut devenir un chemin de maturation personnelle et humaine, afin que les grandes responsabilit\u00e9s soient finalement port\u00e9es par de grandes personnalit\u00e9s.","breadcrumb":{"@id":"https:\/\/united-business.lu\/fr\/soiree-thematique-ubl-du-09-novembre-2023\/#breadcrumb"},"inLanguage":"fr-FR","potentialAction":[{"@type":"ReadAction","target":["https:\/\/united-business.lu\/fr\/soiree-thematique-ubl-du-09-novembre-2023\/"]}]},{"@type":"ImageObject","inLanguage":"fr-FR","@id":"https:\/\/united-business.lu\/fr\/soiree-thematique-ubl-du-09-novembre-2023\/#primaryimage","url":"https:\/\/united-business.lu\/wp-content\/uploads\/2023\/10\/11062b_072261af1e1d44078a83038698078b52mv2-scaled.jpg","contentUrl":"https:\/\/united-business.lu\/wp-content\/uploads\/2023\/10\/11062b_072261af1e1d44078a83038698078b52mv2-scaled.jpg","width":2560,"height":1920},{"@type":"BreadcrumbList","@id":"https:\/\/united-business.lu\/fr\/soiree-thematique-ubl-du-09-novembre-2023\/#breadcrumb","itemListElement":[{"@type":"ListItem","position":1,"name":"Home","item":"https:\/\/united-business.lu\/fr\/"},{"@type":"ListItem","position":2,"name":"Soir\u00e9e th\u00e9matique UBL du 09 novembre 2023"}]},{"@type":"WebSite","@id":"https:\/\/united-business.lu\/#website","url":"https:\/\/united-business.lu\/","name":"United Business Luxembourg","description":"Get together for better business","potentialAction":[{"@type":"SearchAction","target":{"@type":"EntryPoint","urlTemplate":"https:\/\/united-business.lu\/?s={search_term_string}"},"query-input":{"@type":"PropertyValueSpecification","valueRequired":true,"valueName":"search_term_string"}}],"inLanguage":"fr-FR"},{"@type":"Person","@id":"https:\/\/united-business.lu\/#\/schema\/person\/9ec2c328c4b20d485d2b2c67bb810b50","name":"digvis","image":{"@type":"ImageObject","inLanguage":"fr-FR","@id":"https:\/\/secure.gravatar.com\/avatar\/2c46051deb97a40a8fb341b522acb63fdbcd6ca350a2c90501d6921f71cd542a?s=96&d=mm&r=g","url":"https:\/\/secure.gravatar.com\/avatar\/2c46051deb97a40a8fb341b522acb63fdbcd6ca350a2c90501d6921f71cd542a?s=96&d=mm&r=g","contentUrl":"https:\/\/secure.gravatar.com\/avatar\/2c46051deb97a40a8fb341b522acb63fdbcd6ca350a2c90501d6921f71cd542a?s=96&d=mm&r=g","caption":"digvis"},"sameAs":["http:\/\/ubl.local"],"url":"https:\/\/united-business.lu\/fr\/author\/digvis\/"}]}},"_links":{"self":[{"href":"https:\/\/united-business.lu\/fr\/wp-json\/wp\/v2\/posts\/8685","targetHints":{"allow":["GET"]}}],"collection":[{"href":"https:\/\/united-business.lu\/fr\/wp-json\/wp\/v2\/posts"}],"about":[{"href":"https:\/\/united-business.lu\/fr\/wp-json\/wp\/v2\/types\/post"}],"author":[{"embeddable":true,"href":"https:\/\/united-business.lu\/fr\/wp-json\/wp\/v2\/users\/1"}],"replies":[{"embeddable":true,"href":"https:\/\/united-business.lu\/fr\/wp-json\/wp\/v2\/comments?post=8685"}],"version-history":[{"count":3,"href":"https:\/\/united-business.lu\/fr\/wp-json\/wp\/v2\/posts\/8685\/revisions"}],"predecessor-version":[{"id":8716,"href":"https:\/\/united-business.lu\/fr\/wp-json\/wp\/v2\/posts\/8685\/revisions\/8716"}],"wp:featuredmedia":[{"embeddable":true,"href":"https:\/\/united-business.lu\/fr\/wp-json\/wp\/v2\/media\/8688"}],"wp:attachment":[{"href":"https:\/\/united-business.lu\/fr\/wp-json\/wp\/v2\/media?parent=8685"}],"wp:term":[{"taxonomy":"category","embeddable":true,"href":"https:\/\/united-business.lu\/fr\/wp-json\/wp\/v2\/categories?post=8685"},{"taxonomy":"post_tag","embeddable":true,"href":"https:\/\/united-business.lu\/fr\/wp-json\/wp\/v2\/tags?post=8685"}],"curies":[{"name":"wp","href":"https:\/\/api.w.org\/{rel}","templated":true}]}}