{"id":835,"date":"2021-01-01T11:47:57","date_gmt":"2021-01-01T10:47:57","guid":{"rendered":"https:\/\/united-business.lu\/?p=835"},"modified":"2022-09-28T18:17:37","modified_gmt":"2022-09-28T17:17:37","slug":"communique-de-presse","status":"publish","type":"post","link":"https:\/\/united-business.lu\/fr\/communique-de-presse\/","title":{"rendered":"Communiqu\u00e9 de presse"},"content":{"rendered":"<p><strong>Avec la cr\u00e9ation de l\u2019asbl \u00ab United-Business Luxembourg \u00bb, dont la pierre angulaire a \u00e9t\u00e9 pos\u00e9e en date du 11 juin 2021 par onze entrepreneurs engag\u00e9s, le Nord du Grand-Duch\u00e9 unifie ses comp\u00e9tences industrielles. Dor\u00e9navant les comp\u00e9tences et relations d\u2019affaires peuvent \u00eatre regroup\u00e9es pour ainsi \u00eatre mises en \u00e9vidence de mani\u00e8re active et professionnelle. Le si\u00e8ge de l\u2019association se trouve au Business Center Massen \u00e0 Wemperhardt.<\/strong><\/p>\n<p>En se basant sur le slogan \u00ab Get together for better business \u00bb, onze entrepreneurs investis du Nord du Luxembourg ont fond\u00e9 le 11 juin dernier le Business Club \u00ab United-Business Luxembourg \u00bb (UBL en abr\u00e9g\u00e9) avec si\u00e8ge \u00e0 Wemperhardt.<\/p>\n<p>L\u2019association a pour but d\u2019enrichir la vie professionnelle non seulement au Luxembourg mais aussi au-del\u00e0 des fronti\u00e8res nationales en se positionnant en tant qu\u2019interlocuteur principal en ce qui concerne les coop\u00e9rations et \u00e9changes commerciaux potentiels. Les objectifs de l\u2019association sont ainsi clairement d\u00e9finis : promouvoir, cr\u00e9er et d\u00e9velopper des relations d\u2019affaires.<\/p>\n<p>Une telle repr\u00e9sentation conf\u00e9d\u00e9r\u00e9e va permettre \u00e0 la r\u00e9gion du Nord de renforcer encore davantage ses comp\u00e9tences industrielles diversifi\u00e9es d\u00e9j\u00e0 existantes. En outre, ce regroupement permettra de privil\u00e9gier des soumissions conjointes afin de coordonner les comp\u00e9tences de ses membres en participant \u00e0 des grands projets de toutes sortes. L\u2019objectif principal \u00e9tant \u00e9galement la stimulation des \u00e9changes avec des entreprises, institutions et r\u00e9seaux transfrontaliers.<\/p>\n<p><strong>L\u2019emplacement Wemperhardt : un choix id\u00e9al.<\/strong><\/p>\n<p>\u00ab Wemperhardt est un emplacement id\u00e9al pour un r\u00e9seau d&rsquo;affaires professionnel : l&rsquo;infrastructure existante du centre d&rsquo;affaires Massen et la multitude d&rsquo;entreprises issues d&rsquo;un large \u00e9ventail de secteurs tels qu\u2019elles existent ici dans le Nord, permettent de stimuler de mani\u00e8re active la vie \u00e9conomique \u00bb d\u00e9clare Roland Neissen, pr\u00e9sident de l\u2019association.<br \/>\nC\u2019est en effet lui, ensemble avec Johannes Krahwinkel, qui ont eu l\u2019impulsion initiale pour fonder cette association. L\u2019ancien cercle d\u2019entrepreneurs de Massen, qui proposait d\u00e9j\u00e0 des soir\u00e9es de conf\u00e9rences avec des possibilit\u00e9s de r\u00e9seautage, a g\u00e9n\u00e9r\u00e9 toute une s\u00e9rie de discussions sur une \u00e9ventuelle expansion voire une r\u00e9organisation de celui-ci ce qui a fait na\u00eetre l\u2019id\u00e9e de fonder une ASBL ind\u00e9pendante, travaillant de mani\u00e8re professionnelle. Sans perdre de temps, le conseil d&rsquo;administration actuel a d\u00e9nich\u00e9 de nombreux partenaires engag\u00e9s avec lesquels ce projet ambitieux a pu \u00eatre b\u00e2ti.<\/p>\n<p>Selon les dires du vice-pr\u00e9sident, Johannes Krahwinkel, \u00ab il existe \u00e9norm\u00e9ment d\u2019entreprises innovantes et modernes dans la r\u00e9gion du Nord ; mais jusqu\u2019\u00e0 pr\u00e9sent personne n\u2019a pens\u00e9 \u00e0 regrouper ces comp\u00e9tences de mani\u00e8re professionnelle afin d\u2019\u00eatre plus performant en d\u00e9veloppant et en utilisant ces nouvelles capacit\u00e9s. Maintenant nous allons changer cela de mani\u00e8re efficace pour d\u00e9ployer de nouvelles synergies ! \u00bb<\/p>\n","protected":false},"excerpt":{"rendered":"<p>Avec la cr\u00e9ation de l\u2019asbl \u00ab United-Business Luxembourg \u00bb, dont la pierre angulaire a \u00e9t\u00e9 pos\u00e9e en date du 11 juin 2021 par onze entrepreneurs engag\u00e9s, le Nord du Grand-Duch\u00e9 unifie ses comp\u00e9tences industrielles. Dor\u00e9navant les comp\u00e9tences et relations d\u2019affaires peuvent \u00eatre regroup\u00e9es pour ainsi \u00eatre mises en \u00e9vidence de mani\u00e8re active et professionnelle. Le [&hellip;]<\/p>\n","protected":false},"author":1,"featured_media":329,"comment_status":"closed","ping_status":"closed","sticky":false,"template":"","format":"standard","meta":{"_acf_changed":false,"footnotes":""},"categories":[63,62],"tags":[],"class_list":["post-835","post","type-post","status-publish","format-standard","has-post-thumbnail","hentry","category-presse","category-united-business"],"acf":[],"yoast_head":"<!-- This site is optimized with the Yoast SEO plugin v27.5 - https:\/\/yoast.com\/product\/yoast-seo-wordpress\/ -->\n<title>Communiqu\u00e9 de presse - United Business Luxembourg<\/title>\n<meta name=\"robots\" content=\"index, follow, max-snippet:-1, max-image-preview:large, max-video-preview:-1\" \/>\n<link rel=\"canonical\" href=\"https:\/\/united-business.lu\/fr\/communique-de-presse\/\" \/>\n<meta property=\"og:locale\" content=\"fr_FR\" \/>\n<meta property=\"og:type\" content=\"article\" \/>\n<meta property=\"og:title\" content=\"Communiqu\u00e9 de presse - United Business Luxembourg\" \/>\n<meta property=\"og:description\" content=\"Avec la cr\u00e9ation de l\u2019asbl \u00ab United-Business Luxembourg \u00bb, dont la pierre angulaire a \u00e9t\u00e9 pos\u00e9e en date du 11 juin 2021 par onze entrepreneurs engag\u00e9s, le Nord du Grand-Duch\u00e9 unifie ses comp\u00e9tences industrielles. Dor\u00e9navant les comp\u00e9tences et relations d\u2019affaires peuvent \u00eatre regroup\u00e9es pour ainsi \u00eatre mises en \u00e9vidence de mani\u00e8re active et professionnelle. Le [&hellip;]\" \/>\n<meta property=\"og:url\" content=\"https:\/\/united-business.lu\/fr\/communique-de-presse\/\" \/>\n<meta property=\"og:site_name\" content=\"United Business Luxembourg\" \/>\n<meta property=\"article:published_time\" content=\"2021-01-01T10:47:57+00:00\" \/>\n<meta property=\"article:modified_time\" content=\"2022-09-28T17:17:37+00:00\" \/>\n<meta property=\"og:image\" content=\"https:\/\/united-business.lu\/wp-content\/uploads\/2021\/11\/default-banner.png\" \/>\n\t<meta property=\"og:image:width\" content=\"1400\" \/>\n\t<meta property=\"og:image:height\" content=\"622\" \/>\n\t<meta property=\"og:image:type\" content=\"image\/png\" \/>\n<meta name=\"author\" content=\"digvis\" \/>\n<meta name=\"twitter:card\" content=\"summary_large_image\" \/>\n<meta name=\"twitter:label1\" content=\"\u00c9crit par\" \/>\n\t<meta name=\"twitter:data1\" content=\"digvis\" \/>\n\t<meta name=\"twitter:label2\" content=\"Dur\u00e9e de lecture estim\u00e9e\" \/>\n\t<meta name=\"twitter:data2\" content=\"3 minutes\" \/>\n<script type=\"application\/ld+json\" class=\"yoast-schema-graph\">{\"@context\":\"https:\\\/\\\/schema.org\",\"@graph\":[{\"@type\":\"Article\",\"@id\":\"https:\\\/\\\/united-business.lu\\\/fr\\\/communique-de-presse\\\/#article\",\"isPartOf\":{\"@id\":\"https:\\\/\\\/united-business.lu\\\/fr\\\/communique-de-presse\\\/\"},\"author\":{\"name\":\"digvis\",\"@id\":\"https:\\\/\\\/united-business.lu\\\/#\\\/schema\\\/person\\\/9ec2c328c4b20d485d2b2c67bb810b50\"},\"headline\":\"Communiqu\u00e9 de presse\",\"datePublished\":\"2021-01-01T10:47:57+00:00\",\"dateModified\":\"2022-09-28T17:17:37+00:00\",\"mainEntityOfPage\":{\"@id\":\"https:\\\/\\\/united-business.lu\\\/fr\\\/communique-de-presse\\\/\"},\"wordCount\":491,\"image\":{\"@id\":\"https:\\\/\\\/united-business.lu\\\/fr\\\/communique-de-presse\\\/#primaryimage\"},\"thumbnailUrl\":\"https:\\\/\\\/united-business.lu\\\/wp-content\\\/uploads\\\/2021\\\/11\\\/default-banner.png\",\"articleSection\":[\"Presse\",\"United Business\"],\"inLanguage\":\"fr-FR\"},{\"@type\":\"WebPage\",\"@id\":\"https:\\\/\\\/united-business.lu\\\/fr\\\/communique-de-presse\\\/\",\"url\":\"https:\\\/\\\/united-business.lu\\\/fr\\\/communique-de-presse\\\/\",\"name\":\"Communiqu\u00e9 de presse - United Business Luxembourg\",\"isPartOf\":{\"@id\":\"https:\\\/\\\/united-business.lu\\\/#website\"},\"primaryImageOfPage\":{\"@id\":\"https:\\\/\\\/united-business.lu\\\/fr\\\/communique-de-presse\\\/#primaryimage\"},\"image\":{\"@id\":\"https:\\\/\\\/united-business.lu\\\/fr\\\/communique-de-presse\\\/#primaryimage\"},\"thumbnailUrl\":\"https:\\\/\\\/united-business.lu\\\/wp-content\\\/uploads\\\/2021\\\/11\\\/default-banner.png\",\"datePublished\":\"2021-01-01T10:47:57+00:00\",\"dateModified\":\"2022-09-28T17:17:37+00:00\",\"author\":{\"@id\":\"https:\\\/\\\/united-business.lu\\\/#\\\/schema\\\/person\\\/9ec2c328c4b20d485d2b2c67bb810b50\"},\"breadcrumb\":{\"@id\":\"https:\\\/\\\/united-business.lu\\\/fr\\\/communique-de-presse\\\/#breadcrumb\"},\"inLanguage\":\"fr-FR\",\"potentialAction\":[{\"@type\":\"ReadAction\",\"target\":[\"https:\\\/\\\/united-business.lu\\\/fr\\\/communique-de-presse\\\/\"]}]},{\"@type\":\"ImageObject\",\"inLanguage\":\"fr-FR\",\"@id\":\"https:\\\/\\\/united-business.lu\\\/fr\\\/communique-de-presse\\\/#primaryimage\",\"url\":\"https:\\\/\\\/united-business.lu\\\/wp-content\\\/uploads\\\/2021\\\/11\\\/default-banner.png\",\"contentUrl\":\"https:\\\/\\\/united-business.lu\\\/wp-content\\\/uploads\\\/2021\\\/11\\\/default-banner.png\",\"width\":1400,\"height\":622},{\"@type\":\"BreadcrumbList\",\"@id\":\"https:\\\/\\\/united-business.lu\\\/fr\\\/communique-de-presse\\\/#breadcrumb\",\"itemListElement\":[{\"@type\":\"ListItem\",\"position\":1,\"name\":\"Home\",\"item\":\"https:\\\/\\\/united-business.lu\\\/fr\\\/\"},{\"@type\":\"ListItem\",\"position\":2,\"name\":\"Communiqu\u00e9 de presse\"}]},{\"@type\":\"WebSite\",\"@id\":\"https:\\\/\\\/united-business.lu\\\/#website\",\"url\":\"https:\\\/\\\/united-business.lu\\\/\",\"name\":\"United Business Luxembourg\",\"description\":\"Get together for better business\",\"potentialAction\":[{\"@type\":\"SearchAction\",\"target\":{\"@type\":\"EntryPoint\",\"urlTemplate\":\"https:\\\/\\\/united-business.lu\\\/?s={search_term_string}\"},\"query-input\":{\"@type\":\"PropertyValueSpecification\",\"valueRequired\":true,\"valueName\":\"search_term_string\"}}],\"inLanguage\":\"fr-FR\"},{\"@type\":\"Person\",\"@id\":\"https:\\\/\\\/united-business.lu\\\/#\\\/schema\\\/person\\\/9ec2c328c4b20d485d2b2c67bb810b50\",\"name\":\"digvis\",\"image\":{\"@type\":\"ImageObject\",\"inLanguage\":\"fr-FR\",\"@id\":\"https:\\\/\\\/secure.gravatar.com\\\/avatar\\\/2c46051deb97a40a8fb341b522acb63fdbcd6ca350a2c90501d6921f71cd542a?s=96&d=mm&r=g\",\"url\":\"https:\\\/\\\/secure.gravatar.com\\\/avatar\\\/2c46051deb97a40a8fb341b522acb63fdbcd6ca350a2c90501d6921f71cd542a?s=96&d=mm&r=g\",\"contentUrl\":\"https:\\\/\\\/secure.gravatar.com\\\/avatar\\\/2c46051deb97a40a8fb341b522acb63fdbcd6ca350a2c90501d6921f71cd542a?s=96&d=mm&r=g\",\"caption\":\"digvis\"},\"sameAs\":[\"http:\\\/\\\/ubl.local\"],\"url\":\"https:\\\/\\\/united-business.lu\\\/fr\\\/author\\\/digvis\\\/\"}]}<\/script>\n<!-- \/ Yoast SEO plugin. -->","yoast_head_json":{"title":"Communiqu\u00e9 de presse - United Business Luxembourg","robots":{"index":"index","follow":"follow","max-snippet":"max-snippet:-1","max-image-preview":"max-image-preview:large","max-video-preview":"max-video-preview:-1"},"canonical":"https:\/\/united-business.lu\/fr\/communique-de-presse\/","og_locale":"fr_FR","og_type":"article","og_title":"Communiqu\u00e9 de presse - United Business Luxembourg","og_description":"Avec la cr\u00e9ation de l\u2019asbl \u00ab United-Business Luxembourg \u00bb, dont la pierre angulaire a \u00e9t\u00e9 pos\u00e9e en date du 11 juin 2021 par onze entrepreneurs engag\u00e9s, le Nord du Grand-Duch\u00e9 unifie ses comp\u00e9tences industrielles. Dor\u00e9navant les comp\u00e9tences et relations d\u2019affaires peuvent \u00eatre regroup\u00e9es pour ainsi \u00eatre mises en \u00e9vidence de mani\u00e8re active et professionnelle. Le [&hellip;]","og_url":"https:\/\/united-business.lu\/fr\/communique-de-presse\/","og_site_name":"United Business Luxembourg","article_published_time":"2021-01-01T10:47:57+00:00","article_modified_time":"2022-09-28T17:17:37+00:00","og_image":[{"width":1400,"height":622,"url":"https:\/\/united-business.lu\/wp-content\/uploads\/2021\/11\/default-banner.png","type":"image\/png"}],"author":"digvis","twitter_card":"summary_large_image","twitter_misc":{"\u00c9crit par":"digvis","Dur\u00e9e de lecture estim\u00e9e":"3 minutes"},"schema":{"@context":"https:\/\/schema.org","@graph":[{"@type":"Article","@id":"https:\/\/united-business.lu\/fr\/communique-de-presse\/#article","isPartOf":{"@id":"https:\/\/united-business.lu\/fr\/communique-de-presse\/"},"author":{"name":"digvis","@id":"https:\/\/united-business.lu\/#\/schema\/person\/9ec2c328c4b20d485d2b2c67bb810b50"},"headline":"Communiqu\u00e9 de presse","datePublished":"2021-01-01T10:47:57+00:00","dateModified":"2022-09-28T17:17:37+00:00","mainEntityOfPage":{"@id":"https:\/\/united-business.lu\/fr\/communique-de-presse\/"},"wordCount":491,"image":{"@id":"https:\/\/united-business.lu\/fr\/communique-de-presse\/#primaryimage"},"thumbnailUrl":"https:\/\/united-business.lu\/wp-content\/uploads\/2021\/11\/default-banner.png","articleSection":["Presse","United Business"],"inLanguage":"fr-FR"},{"@type":"WebPage","@id":"https:\/\/united-business.lu\/fr\/communique-de-presse\/","url":"https:\/\/united-business.lu\/fr\/communique-de-presse\/","name":"Communiqu\u00e9 de presse - United Business Luxembourg","isPartOf":{"@id":"https:\/\/united-business.lu\/#website"},"primaryImageOfPage":{"@id":"https:\/\/united-business.lu\/fr\/communique-de-presse\/#primaryimage"},"image":{"@id":"https:\/\/united-business.lu\/fr\/communique-de-presse\/#primaryimage"},"thumbnailUrl":"https:\/\/united-business.lu\/wp-content\/uploads\/2021\/11\/default-banner.png","datePublished":"2021-01-01T10:47:57+00:00","dateModified":"2022-09-28T17:17:37+00:00","author":{"@id":"https:\/\/united-business.lu\/#\/schema\/person\/9ec2c328c4b20d485d2b2c67bb810b50"},"breadcrumb":{"@id":"https:\/\/united-business.lu\/fr\/communique-de-presse\/#breadcrumb"},"inLanguage":"fr-FR","potentialAction":[{"@type":"ReadAction","target":["https:\/\/united-business.lu\/fr\/communique-de-presse\/"]}]},{"@type":"ImageObject","inLanguage":"fr-FR","@id":"https:\/\/united-business.lu\/fr\/communique-de-presse\/#primaryimage","url":"https:\/\/united-business.lu\/wp-content\/uploads\/2021\/11\/default-banner.png","contentUrl":"https:\/\/united-business.lu\/wp-content\/uploads\/2021\/11\/default-banner.png","width":1400,"height":622},{"@type":"BreadcrumbList","@id":"https:\/\/united-business.lu\/fr\/communique-de-presse\/#breadcrumb","itemListElement":[{"@type":"ListItem","position":1,"name":"Home","item":"https:\/\/united-business.lu\/fr\/"},{"@type":"ListItem","position":2,"name":"Communiqu\u00e9 de presse"}]},{"@type":"WebSite","@id":"https:\/\/united-business.lu\/#website","url":"https:\/\/united-business.lu\/","name":"United Business Luxembourg","description":"Get together for better business","potentialAction":[{"@type":"SearchAction","target":{"@type":"EntryPoint","urlTemplate":"https:\/\/united-business.lu\/?s={search_term_string}"},"query-input":{"@type":"PropertyValueSpecification","valueRequired":true,"valueName":"search_term_string"}}],"inLanguage":"fr-FR"},{"@type":"Person","@id":"https:\/\/united-business.lu\/#\/schema\/person\/9ec2c328c4b20d485d2b2c67bb810b50","name":"digvis","image":{"@type":"ImageObject","inLanguage":"fr-FR","@id":"https:\/\/secure.gravatar.com\/avatar\/2c46051deb97a40a8fb341b522acb63fdbcd6ca350a2c90501d6921f71cd542a?s=96&d=mm&r=g","url":"https:\/\/secure.gravatar.com\/avatar\/2c46051deb97a40a8fb341b522acb63fdbcd6ca350a2c90501d6921f71cd542a?s=96&d=mm&r=g","contentUrl":"https:\/\/secure.gravatar.com\/avatar\/2c46051deb97a40a8fb341b522acb63fdbcd6ca350a2c90501d6921f71cd542a?s=96&d=mm&r=g","caption":"digvis"},"sameAs":["http:\/\/ubl.local"],"url":"https:\/\/united-business.lu\/fr\/author\/digvis\/"}]}},"_links":{"self":[{"href":"https:\/\/united-business.lu\/fr\/wp-json\/wp\/v2\/posts\/835","targetHints":{"allow":["GET"]}}],"collection":[{"href":"https:\/\/united-business.lu\/fr\/wp-json\/wp\/v2\/posts"}],"about":[{"href":"https:\/\/united-business.lu\/fr\/wp-json\/wp\/v2\/types\/post"}],"author":[{"embeddable":true,"href":"https:\/\/united-business.lu\/fr\/wp-json\/wp\/v2\/users\/1"}],"replies":[{"embeddable":true,"href":"https:\/\/united-business.lu\/fr\/wp-json\/wp\/v2\/comments?post=835"}],"version-history":[{"count":2,"href":"https:\/\/united-business.lu\/fr\/wp-json\/wp\/v2\/posts\/835\/revisions"}],"predecessor-version":[{"id":847,"href":"https:\/\/united-business.lu\/fr\/wp-json\/wp\/v2\/posts\/835\/revisions\/847"}],"wp:featuredmedia":[{"embeddable":true,"href":"https:\/\/united-business.lu\/fr\/wp-json\/wp\/v2\/media\/329"}],"wp:attachment":[{"href":"https:\/\/united-business.lu\/fr\/wp-json\/wp\/v2\/media?parent=835"}],"wp:term":[{"taxonomy":"category","embeddable":true,"href":"https:\/\/united-business.lu\/fr\/wp-json\/wp\/v2\/categories?post=835"},{"taxonomy":"post_tag","embeddable":true,"href":"https:\/\/united-business.lu\/fr\/wp-json\/wp\/v2\/tags?post=835"}],"curies":[{"name":"wp","href":"https:\/\/api.w.org\/{rel}","templated":true}]}}