{"id":7733,"date":"2023-05-05T16:13:36","date_gmt":"2023-05-05T15:13:36","guid":{"rendered":"https:\/\/united-business.lu\/meet-us-ein-voller-erfolg-fuer-den-norden-und-seiner-unternehmer\/"},"modified":"2023-05-08T14:02:28","modified_gmt":"2023-05-08T13:02:28","slug":"meet-us-ein-voller-erfolg-fuer-den-norden-und-seiner-unternehmer","status":"publish","type":"post","link":"https:\/\/united-business.lu\/fr\/meet-us-ein-voller-erfolg-fuer-den-norden-und-seiner-unternehmer\/","title":{"rendered":"Meet-Us : un succ\u00e8s pour le Nord du Grand-Duch\u00e9 et ses entrepreneurs"},"content":{"rendered":"<p>United-Business a organis\u00e9 avec succ\u00e8s la premi\u00e8re \u00e9dition de Meet-Us dans le nord du Luxembourg les 14 et 15 avril 2023.<\/p>\n<p>Voici les faits concernant cet \u00e9v\u00e9nement particulier qui a rassembl\u00e9 les entrepreneurs du nord et a d\u00e9montr\u00e9 les comp\u00e9tences et les multiples possibilit\u00e9s de mani\u00e8re concr\u00e8te :<\/p>\n<ul>\n<li>Budget de 135 000 \u20ac<\/li>\n<li>Plus de 450 entrepreneurs et invit\u00e9s le vendredi soir<\/li>\n<li>Plus de 100 exposants le samedi<\/li>\n<li>Des conf\u00e9rences et des ateliers passionnants en plus.<\/li>\n<\/ul>\n<p>En r\u00e9sum\u00e9, l&rsquo;\u00e9v\u00e9nement a \u00e9t\u00e9 un grand succ\u00e8s. Nous tenons \u00e0 remercier tous les entrepreneurs et les membres de l&rsquo;UBL qui ont contribu\u00e9 de quelque mani\u00e8re que ce soit \u00e0 ce succ\u00e8s.<\/p>\n<h2>Comment l&rsquo;association a-t-elle \u00e9t\u00e9 cr\u00e9\u00e9e ?<\/h2>\n<p>Le Luxembourg est un pays en avance sur son temps et multiculturel.<\/p>\n<p>United Business Luxembourg, UBL en abr\u00e9g\u00e9, est le \u00ab\u00a0nouveau type\u00a0\u00bb de club d&rsquo;affaires o\u00f9 malgr\u00e9 la digitalisation croissante, le contact humain reste au centre !<\/p>\n<p>Le fait que le monde change \u00e0 un rythme effr\u00e9n\u00e9 et que personne ne peut pr\u00e9dire avec certitude \u00ab\u00a0o\u00f9 cela va mener\u00a0\u00bb a conduit \u00e0 l&rsquo;id\u00e9e de fonder UBL !<\/p>\n<p>Apr\u00e8s plusieurs r\u00e9unions et brainstormings entre Roland Neissen (pr\u00e9sident) et Johannes Krahwinkel (vice-pr\u00e9sident), ainsi que la pr\u00e9sentation de la vision UBL, nous avons \u00e9t\u00e9 imm\u00e9diatement enthousiastes et avons d\u00e9cid\u00e9 de fonder UBL !<\/p>\n<p>Au total, <a href=\"https:\/\/united-business.lu\/fr\/lecomite\/\">11 entrepreneurs<\/a> ont \u00e9t\u00e9 nomm\u00e9s dans le conseil d&rsquo;administration et ont largement contribut\u00e9 \u00e0 la cr\u00e9ation de l&rsquo;association au printemps 2021.<\/p>\n<p>Un an apr\u00e8s sa cr\u00e9ation, UBL compte d\u00e9j\u00e0 pr\u00e8s de 50 membres, tendance \u00e0 la hausse et jouit d&rsquo;une grande popularit\u00e9 !<\/p>\n<p>&nbsp;<\/p>\n<p>L&rsquo;objectif d&rsquo;UBL est cr\u00e9er un r\u00e9seau avec les personnes repr\u00e9sentant leurs entreprises et de pouvoir mettre en \u0153uvre ensemble des projets orient\u00e9s vers l&rsquo;avenir.<\/p>\n<p>En pratique, des r\u00e9unions ont lieu toutes les <a href=\"https:\/\/united-business.lu\/fr\/evenements-futurs\/\">six semaines<\/a>, qui consistent d&rsquo;une part dans des \u00ab\u00a0afterworks\u00a0\u00bb o\u00f9 les membres peuvent pr\u00e9senter leur entreprise dans son ensemble. D&rsquo;autre part, des soir\u00e9es th\u00e9matiques sont organis\u00e9es pour aborder des sujets importants pour tout entrepreneur, que ce soit sur la l\u00e9gislation, la num\u00e9risation, la th\u00e9matique \u00e9nerg\u00e9tique, la fiscalit\u00e9, les formations, le management, le coaching, le transfrontalier, etc.<\/p>\n<p>UBL rapproche \u00e9galement les services publics pr\u00e9sents \u00e0 Luxembourg-Ville, du Nord du pays. \u00c0 l&rsquo;avenir, des formations de toutes sortes seront propos\u00e9es afin que chaque personne n&rsquo;ait pas \u00e0 se rendre en ville.<\/p>\n<p>Nous consid\u00e9rons \u00e9galement UBL comme le premier point de contact pour les personnes qui souhaitent s&rsquo;informer ou cr\u00e9er une entreprise au Luxembourg. La diversit\u00e9 des comp\u00e9tences est d\u00e9sormais repr\u00e9sent\u00e9e dans l&rsquo;UBL.<\/p>\n<p>UBL vit de l&rsquo;\u00e9change entre membres et qu&rsquo;ensemble, nous sommes plus forts !<\/p>\n<p>La premi\u00e8re \u00e9dition de Meet-us, o\u00f9 nous avons r\u00e9ussi \u00e0 convaincre plus de 100 entreprises \u00e0 participer et o\u00f9 il s&rsquo;agit de pr\u00e9senter et de faire conna\u00eetre son entreprise, prouve que cela fonctionne. Plusieurs start-up \u00e9taient \u00e9galement pr\u00e9sentes !<\/p>\n<p>Le vendredi \u00e9tait consacr\u00e9 \u00e0 l&rsquo;\u00e9change entre les soci\u00e9t\u00e9s pr\u00e9sentes.<\/p>\n<p>Le samedi, l&rsquo;objectif \u00e9tait de se pr\u00e9senter au grand public et de saisir l&rsquo;occasion de recruter du personnel, en s&rsquo;adressant directement aux d\u00e9cideurs des entreprises.<\/p>\n<p><strong><br \/>\nVous souhaitez faire partie de United-Business ?<\/strong><\/p>\n<p>Postulez ici pour devenir membre : <a href=\"https:\/\/united-business.lu\/fr\/devenir-membre\/\">https:\/\/united-business.lu\/fr\/devenir-membre\/<\/a><\/p>\n<p>En r\u00e9sum\u00e9, \u00ab\u00a0Get together for better business !\u00a0\u00bb<\/p>\n<p>Roland Neissen<br \/>\nCofondateur et pr\u00e9sident de l&rsquo;UBL<\/p>\n<p>&nbsp;<\/p>\n<p>La politique du pays n&rsquo;a pas non plus manqu\u00e9 d&rsquo;assister \u00e0 l&rsquo;\u00e9v\u00e9nement.<\/p>\n<p>Le ministre Claude Turmes nous a rendu visite le samedi apr\u00e8s-midi et a pu se faire sa propre id\u00e9e de l&rsquo;\u00e9v\u00e9nement. Visiblement enthousiaste, nous avons pu mener des discussions int\u00e9ressantes sur le d\u00e9veloppement du Nord en marge de l&rsquo;\u00e9v\u00e9nement.<\/p>\n<p><img decoding=\"async\" class=\"alignnone wp-image-8234 size-full\" src=\"https:\/\/united-business.lu\/wp-content\/uploads\/2023\/05\/Picture1.jpg\" alt=\"\" width=\"605\" height=\"454\" srcset=\"https:\/\/united-business.lu\/wp-content\/uploads\/2023\/05\/Picture1.jpg 605w, https:\/\/united-business.lu\/wp-content\/uploads\/2023\/05\/Picture1-300x225.jpg 300w, https:\/\/united-business.lu\/wp-content\/uploads\/2023\/05\/Picture1-20x15.jpg 20w\" sizes=\"(max-width: 605px) 100vw, 605px\" \/><\/p>\n<p>Articles de presse : <a href=\"https:\/\/www.grenzecho.net\/88923\/artikel\/2023-04-14\/meet-us-weiswampach-auf-den-netzwerkabend-folgt-der-jobday\" target=\"_blank\" rel=\"noopener\">Grenzecho<\/a>, <a href=\"https:\/\/www.lessentiel.lu\/fr\/story\/le-networking-cetait-un-grand-manque-dans-le-nord-du-pays-431480856279\" target=\"_blank\" rel=\"noopener\">L\u2018Essentiel<\/a>.<\/p>\n<p><a href=\"https:\/\/www.pepsradio.be\/recherche\/meet%20us\" target=\"_blank\" rel=\"noopener\">Interview \/ Enregistrement (pepsradio)<\/a><\/p>\n<hr\/>\n<p>&nbsp;<\/p>\n<h2 class=\"text-center pb-5 pt-2\">Aftermovie<\/h2>\n<div style=\"width: 980px;\" class=\"wp-video\"><video class=\"wp-video-shortcode\" id=\"video-7733-1\" width=\"980\" height=\"551\" preload=\"metadata\" controls=\"controls\"><source type=\"video\/mp4\" src=\"https:\/\/united-business.lu\/wp-content\/uploads\/2023\/05\/UBL_MeetUs_Aftermovie2023-opt.mp4?_=1\" \/><a href=\"https:\/\/united-business.lu\/wp-content\/uploads\/2023\/05\/UBL_MeetUs_Aftermovie2023-opt.mp4\">https:\/\/united-business.lu\/wp-content\/uploads\/2023\/05\/UBL_MeetUs_Aftermovie2023-opt.mp4<\/a><\/video><\/div>\n<div class=\"d-flex justify-content-center\">\n<a class=\"mx-auto btn btn-primary mt-5\" href=\"https:\/\/united-business.lu\/fr\/meet-us-photos\/\">Galerie photo<\/a>\n<\/div>\n","protected":false},"excerpt":{"rendered":"<p>United-Business a organis\u00e9 avec succ\u00e8s la premi\u00e8re \u00e9dition de Meet-Us dans le nord du Luxembourg les 14 et 15 avril 2023. Voici les faits concernant cet \u00e9v\u00e9nement particulier qui a rassembl\u00e9 les entrepreneurs du nord et a d\u00e9montr\u00e9 les comp\u00e9tences et les multiples possibilit\u00e9s de mani\u00e8re concr\u00e8te : Budget de 135 000 \u20ac Plus de [&hellip;]<\/p>\n","protected":false},"author":1,"featured_media":8262,"comment_status":"closed","ping_status":"closed","sticky":false,"template":"","format":"standard","meta":{"_acf_changed":false,"footnotes":""},"categories":[1,63],"tags":[],"class_list":["post-7733","post","type-post","status-publish","format-standard","has-post-thumbnail","hentry","category-evenements","category-presse"],"acf":[],"yoast_head":"<!-- This site is optimized with the Yoast SEO plugin v27.5 - https:\/\/yoast.com\/product\/yoast-seo-wordpress\/ -->\n<title>Meet-Us : un succ\u00e8s pour le Nord du Grand-Duch\u00e9 et ses entrepreneurs - United Business Luxembourg<\/title>\n<meta name=\"robots\" content=\"index, follow, max-snippet:-1, max-image-preview:large, max-video-preview:-1\" \/>\n<link rel=\"canonical\" href=\"https:\/\/united-business.lu\/fr\/meet-us-ein-voller-erfolg-fuer-den-norden-und-seiner-unternehmer\/\" \/>\n<meta property=\"og:locale\" content=\"fr_FR\" \/>\n<meta property=\"og:type\" content=\"article\" \/>\n<meta property=\"og:title\" content=\"Meet-Us : un succ\u00e8s pour le Nord du Grand-Duch\u00e9 et ses entrepreneurs - United Business Luxembourg\" \/>\n<meta property=\"og:description\" content=\"United-Business a organis\u00e9 avec succ\u00e8s la premi\u00e8re \u00e9dition de Meet-Us dans le nord du Luxembourg les 14 et 15 avril 2023. Voici les faits concernant cet \u00e9v\u00e9nement particulier qui a rassembl\u00e9 les entrepreneurs du nord et a d\u00e9montr\u00e9 les comp\u00e9tences et les multiples possibilit\u00e9s de mani\u00e8re concr\u00e8te : Budget de 135 000 \u20ac Plus de [&hellip;]\" \/>\n<meta property=\"og:url\" content=\"https:\/\/united-business.lu\/fr\/meet-us-ein-voller-erfolg-fuer-den-norden-und-seiner-unternehmer\/\" \/>\n<meta property=\"og:site_name\" content=\"United Business Luxembourg\" \/>\n<meta property=\"article:published_time\" content=\"2023-05-05T15:13:36+00:00\" \/>\n<meta property=\"article:modified_time\" content=\"2023-05-08T13:02:28+00:00\" \/>\n<meta property=\"og:image\" content=\"https:\/\/united-business.lu\/wp-content\/uploads\/2023\/05\/dazdzaddazzadzadaz.jpg\" \/>\n\t<meta property=\"og:image:width\" content=\"1024\" \/>\n\t<meta property=\"og:image:height\" content=\"683\" \/>\n\t<meta property=\"og:image:type\" content=\"image\/jpeg\" \/>\n<meta name=\"author\" content=\"digvis\" \/>\n<meta name=\"twitter:card\" content=\"summary_large_image\" \/>\n<meta name=\"twitter:label1\" content=\"\u00c9crit par\" \/>\n\t<meta name=\"twitter:data1\" content=\"digvis\" \/>\n\t<meta name=\"twitter:label2\" content=\"Dur\u00e9e de lecture estim\u00e9e\" \/>\n\t<meta name=\"twitter:data2\" content=\"4 minutes\" \/>\n<script type=\"application\/ld+json\" class=\"yoast-schema-graph\">{\"@context\":\"https:\\\/\\\/schema.org\",\"@graph\":[{\"@type\":\"Article\",\"@id\":\"https:\\\/\\\/united-business.lu\\\/fr\\\/meet-us-ein-voller-erfolg-fuer-den-norden-und-seiner-unternehmer\\\/#article\",\"isPartOf\":{\"@id\":\"https:\\\/\\\/united-business.lu\\\/fr\\\/meet-us-ein-voller-erfolg-fuer-den-norden-und-seiner-unternehmer\\\/\"},\"author\":{\"name\":\"digvis\",\"@id\":\"https:\\\/\\\/united-business.lu\\\/#\\\/schema\\\/person\\\/9ec2c328c4b20d485d2b2c67bb810b50\"},\"headline\":\"Meet-Us : un succ\u00e8s pour le Nord du Grand-Duch\u00e9 et ses entrepreneurs\",\"datePublished\":\"2023-05-05T15:13:36+00:00\",\"dateModified\":\"2023-05-08T13:02:28+00:00\",\"mainEntityOfPage\":{\"@id\":\"https:\\\/\\\/united-business.lu\\\/fr\\\/meet-us-ein-voller-erfolg-fuer-den-norden-und-seiner-unternehmer\\\/\"},\"wordCount\":691,\"image\":{\"@id\":\"https:\\\/\\\/united-business.lu\\\/fr\\\/meet-us-ein-voller-erfolg-fuer-den-norden-und-seiner-unternehmer\\\/#primaryimage\"},\"thumbnailUrl\":\"https:\\\/\\\/united-business.lu\\\/wp-content\\\/uploads\\\/2023\\\/05\\\/dazdzaddazzadzadaz.jpg\",\"articleSection\":[\"Ev\u00e8nements\",\"Presse\"],\"inLanguage\":\"fr-FR\"},{\"@type\":\"WebPage\",\"@id\":\"https:\\\/\\\/united-business.lu\\\/fr\\\/meet-us-ein-voller-erfolg-fuer-den-norden-und-seiner-unternehmer\\\/\",\"url\":\"https:\\\/\\\/united-business.lu\\\/fr\\\/meet-us-ein-voller-erfolg-fuer-den-norden-und-seiner-unternehmer\\\/\",\"name\":\"Meet-Us : un succ\u00e8s pour le Nord du Grand-Duch\u00e9 et ses entrepreneurs - United Business Luxembourg\",\"isPartOf\":{\"@id\":\"https:\\\/\\\/united-business.lu\\\/#website\"},\"primaryImageOfPage\":{\"@id\":\"https:\\\/\\\/united-business.lu\\\/fr\\\/meet-us-ein-voller-erfolg-fuer-den-norden-und-seiner-unternehmer\\\/#primaryimage\"},\"image\":{\"@id\":\"https:\\\/\\\/united-business.lu\\\/fr\\\/meet-us-ein-voller-erfolg-fuer-den-norden-und-seiner-unternehmer\\\/#primaryimage\"},\"thumbnailUrl\":\"https:\\\/\\\/united-business.lu\\\/wp-content\\\/uploads\\\/2023\\\/05\\\/dazdzaddazzadzadaz.jpg\",\"datePublished\":\"2023-05-05T15:13:36+00:00\",\"dateModified\":\"2023-05-08T13:02:28+00:00\",\"author\":{\"@id\":\"https:\\\/\\\/united-business.lu\\\/#\\\/schema\\\/person\\\/9ec2c328c4b20d485d2b2c67bb810b50\"},\"breadcrumb\":{\"@id\":\"https:\\\/\\\/united-business.lu\\\/fr\\\/meet-us-ein-voller-erfolg-fuer-den-norden-und-seiner-unternehmer\\\/#breadcrumb\"},\"inLanguage\":\"fr-FR\",\"potentialAction\":[{\"@type\":\"ReadAction\",\"target\":[\"https:\\\/\\\/united-business.lu\\\/fr\\\/meet-us-ein-voller-erfolg-fuer-den-norden-und-seiner-unternehmer\\\/\"]}]},{\"@type\":\"ImageObject\",\"inLanguage\":\"fr-FR\",\"@id\":\"https:\\\/\\\/united-business.lu\\\/fr\\\/meet-us-ein-voller-erfolg-fuer-den-norden-und-seiner-unternehmer\\\/#primaryimage\",\"url\":\"https:\\\/\\\/united-business.lu\\\/wp-content\\\/uploads\\\/2023\\\/05\\\/dazdzaddazzadzadaz.jpg\",\"contentUrl\":\"https:\\\/\\\/united-business.lu\\\/wp-content\\\/uploads\\\/2023\\\/05\\\/dazdzaddazzadzadaz.jpg\",\"width\":1024,\"height\":683},{\"@type\":\"BreadcrumbList\",\"@id\":\"https:\\\/\\\/united-business.lu\\\/fr\\\/meet-us-ein-voller-erfolg-fuer-den-norden-und-seiner-unternehmer\\\/#breadcrumb\",\"itemListElement\":[{\"@type\":\"ListItem\",\"position\":1,\"name\":\"Home\",\"item\":\"https:\\\/\\\/united-business.lu\\\/fr\\\/\"},{\"@type\":\"ListItem\",\"position\":2,\"name\":\"Meet-Us : un succ\u00e8s pour le Nord du Grand-Duch\u00e9 et ses entrepreneurs\"}]},{\"@type\":\"WebSite\",\"@id\":\"https:\\\/\\\/united-business.lu\\\/#website\",\"url\":\"https:\\\/\\\/united-business.lu\\\/\",\"name\":\"United Business Luxembourg\",\"description\":\"Get together for better business\",\"potentialAction\":[{\"@type\":\"SearchAction\",\"target\":{\"@type\":\"EntryPoint\",\"urlTemplate\":\"https:\\\/\\\/united-business.lu\\\/?s={search_term_string}\"},\"query-input\":{\"@type\":\"PropertyValueSpecification\",\"valueRequired\":true,\"valueName\":\"search_term_string\"}}],\"inLanguage\":\"fr-FR\"},{\"@type\":\"Person\",\"@id\":\"https:\\\/\\\/united-business.lu\\\/#\\\/schema\\\/person\\\/9ec2c328c4b20d485d2b2c67bb810b50\",\"name\":\"digvis\",\"image\":{\"@type\":\"ImageObject\",\"inLanguage\":\"fr-FR\",\"@id\":\"https:\\\/\\\/secure.gravatar.com\\\/avatar\\\/2c46051deb97a40a8fb341b522acb63fdbcd6ca350a2c90501d6921f71cd542a?s=96&d=mm&r=g\",\"url\":\"https:\\\/\\\/secure.gravatar.com\\\/avatar\\\/2c46051deb97a40a8fb341b522acb63fdbcd6ca350a2c90501d6921f71cd542a?s=96&d=mm&r=g\",\"contentUrl\":\"https:\\\/\\\/secure.gravatar.com\\\/avatar\\\/2c46051deb97a40a8fb341b522acb63fdbcd6ca350a2c90501d6921f71cd542a?s=96&d=mm&r=g\",\"caption\":\"digvis\"},\"sameAs\":[\"http:\\\/\\\/ubl.local\"],\"url\":\"https:\\\/\\\/united-business.lu\\\/fr\\\/author\\\/digvis\\\/\"}]}<\/script>\n<!-- \/ Yoast SEO plugin. -->","yoast_head_json":{"title":"Meet-Us : un succ\u00e8s pour le Nord du Grand-Duch\u00e9 et ses entrepreneurs - United Business Luxembourg","robots":{"index":"index","follow":"follow","max-snippet":"max-snippet:-1","max-image-preview":"max-image-preview:large","max-video-preview":"max-video-preview:-1"},"canonical":"https:\/\/united-business.lu\/fr\/meet-us-ein-voller-erfolg-fuer-den-norden-und-seiner-unternehmer\/","og_locale":"fr_FR","og_type":"article","og_title":"Meet-Us : un succ\u00e8s pour le Nord du Grand-Duch\u00e9 et ses entrepreneurs - United Business Luxembourg","og_description":"United-Business a organis\u00e9 avec succ\u00e8s la premi\u00e8re \u00e9dition de Meet-Us dans le nord du Luxembourg les 14 et 15 avril 2023. Voici les faits concernant cet \u00e9v\u00e9nement particulier qui a rassembl\u00e9 les entrepreneurs du nord et a d\u00e9montr\u00e9 les comp\u00e9tences et les multiples possibilit\u00e9s de mani\u00e8re concr\u00e8te : Budget de 135 000 \u20ac Plus de [&hellip;]","og_url":"https:\/\/united-business.lu\/fr\/meet-us-ein-voller-erfolg-fuer-den-norden-und-seiner-unternehmer\/","og_site_name":"United Business Luxembourg","article_published_time":"2023-05-05T15:13:36+00:00","article_modified_time":"2023-05-08T13:02:28+00:00","og_image":[{"width":1024,"height":683,"url":"https:\/\/united-business.lu\/wp-content\/uploads\/2023\/05\/dazdzaddazzadzadaz.jpg","type":"image\/jpeg"}],"author":"digvis","twitter_card":"summary_large_image","twitter_misc":{"\u00c9crit par":"digvis","Dur\u00e9e de lecture estim\u00e9e":"4 minutes"},"schema":{"@context":"https:\/\/schema.org","@graph":[{"@type":"Article","@id":"https:\/\/united-business.lu\/fr\/meet-us-ein-voller-erfolg-fuer-den-norden-und-seiner-unternehmer\/#article","isPartOf":{"@id":"https:\/\/united-business.lu\/fr\/meet-us-ein-voller-erfolg-fuer-den-norden-und-seiner-unternehmer\/"},"author":{"name":"digvis","@id":"https:\/\/united-business.lu\/#\/schema\/person\/9ec2c328c4b20d485d2b2c67bb810b50"},"headline":"Meet-Us : un succ\u00e8s pour le Nord du Grand-Duch\u00e9 et ses entrepreneurs","datePublished":"2023-05-05T15:13:36+00:00","dateModified":"2023-05-08T13:02:28+00:00","mainEntityOfPage":{"@id":"https:\/\/united-business.lu\/fr\/meet-us-ein-voller-erfolg-fuer-den-norden-und-seiner-unternehmer\/"},"wordCount":691,"image":{"@id":"https:\/\/united-business.lu\/fr\/meet-us-ein-voller-erfolg-fuer-den-norden-und-seiner-unternehmer\/#primaryimage"},"thumbnailUrl":"https:\/\/united-business.lu\/wp-content\/uploads\/2023\/05\/dazdzaddazzadzadaz.jpg","articleSection":["Ev\u00e8nements","Presse"],"inLanguage":"fr-FR"},{"@type":"WebPage","@id":"https:\/\/united-business.lu\/fr\/meet-us-ein-voller-erfolg-fuer-den-norden-und-seiner-unternehmer\/","url":"https:\/\/united-business.lu\/fr\/meet-us-ein-voller-erfolg-fuer-den-norden-und-seiner-unternehmer\/","name":"Meet-Us : un succ\u00e8s pour le Nord du Grand-Duch\u00e9 et ses entrepreneurs - United Business Luxembourg","isPartOf":{"@id":"https:\/\/united-business.lu\/#website"},"primaryImageOfPage":{"@id":"https:\/\/united-business.lu\/fr\/meet-us-ein-voller-erfolg-fuer-den-norden-und-seiner-unternehmer\/#primaryimage"},"image":{"@id":"https:\/\/united-business.lu\/fr\/meet-us-ein-voller-erfolg-fuer-den-norden-und-seiner-unternehmer\/#primaryimage"},"thumbnailUrl":"https:\/\/united-business.lu\/wp-content\/uploads\/2023\/05\/dazdzaddazzadzadaz.jpg","datePublished":"2023-05-05T15:13:36+00:00","dateModified":"2023-05-08T13:02:28+00:00","author":{"@id":"https:\/\/united-business.lu\/#\/schema\/person\/9ec2c328c4b20d485d2b2c67bb810b50"},"breadcrumb":{"@id":"https:\/\/united-business.lu\/fr\/meet-us-ein-voller-erfolg-fuer-den-norden-und-seiner-unternehmer\/#breadcrumb"},"inLanguage":"fr-FR","potentialAction":[{"@type":"ReadAction","target":["https:\/\/united-business.lu\/fr\/meet-us-ein-voller-erfolg-fuer-den-norden-und-seiner-unternehmer\/"]}]},{"@type":"ImageObject","inLanguage":"fr-FR","@id":"https:\/\/united-business.lu\/fr\/meet-us-ein-voller-erfolg-fuer-den-norden-und-seiner-unternehmer\/#primaryimage","url":"https:\/\/united-business.lu\/wp-content\/uploads\/2023\/05\/dazdzaddazzadzadaz.jpg","contentUrl":"https:\/\/united-business.lu\/wp-content\/uploads\/2023\/05\/dazdzaddazzadzadaz.jpg","width":1024,"height":683},{"@type":"BreadcrumbList","@id":"https:\/\/united-business.lu\/fr\/meet-us-ein-voller-erfolg-fuer-den-norden-und-seiner-unternehmer\/#breadcrumb","itemListElement":[{"@type":"ListItem","position":1,"name":"Home","item":"https:\/\/united-business.lu\/fr\/"},{"@type":"ListItem","position":2,"name":"Meet-Us : un succ\u00e8s pour le Nord du Grand-Duch\u00e9 et ses entrepreneurs"}]},{"@type":"WebSite","@id":"https:\/\/united-business.lu\/#website","url":"https:\/\/united-business.lu\/","name":"United Business Luxembourg","description":"Get together for better business","potentialAction":[{"@type":"SearchAction","target":{"@type":"EntryPoint","urlTemplate":"https:\/\/united-business.lu\/?s={search_term_string}"},"query-input":{"@type":"PropertyValueSpecification","valueRequired":true,"valueName":"search_term_string"}}],"inLanguage":"fr-FR"},{"@type":"Person","@id":"https:\/\/united-business.lu\/#\/schema\/person\/9ec2c328c4b20d485d2b2c67bb810b50","name":"digvis","image":{"@type":"ImageObject","inLanguage":"fr-FR","@id":"https:\/\/secure.gravatar.com\/avatar\/2c46051deb97a40a8fb341b522acb63fdbcd6ca350a2c90501d6921f71cd542a?s=96&d=mm&r=g","url":"https:\/\/secure.gravatar.com\/avatar\/2c46051deb97a40a8fb341b522acb63fdbcd6ca350a2c90501d6921f71cd542a?s=96&d=mm&r=g","contentUrl":"https:\/\/secure.gravatar.com\/avatar\/2c46051deb97a40a8fb341b522acb63fdbcd6ca350a2c90501d6921f71cd542a?s=96&d=mm&r=g","caption":"digvis"},"sameAs":["http:\/\/ubl.local"],"url":"https:\/\/united-business.lu\/fr\/author\/digvis\/"}]}},"_links":{"self":[{"href":"https:\/\/united-business.lu\/fr\/wp-json\/wp\/v2\/posts\/7733","targetHints":{"allow":["GET"]}}],"collection":[{"href":"https:\/\/united-business.lu\/fr\/wp-json\/wp\/v2\/posts"}],"about":[{"href":"https:\/\/united-business.lu\/fr\/wp-json\/wp\/v2\/types\/post"}],"author":[{"embeddable":true,"href":"https:\/\/united-business.lu\/fr\/wp-json\/wp\/v2\/users\/1"}],"replies":[{"embeddable":true,"href":"https:\/\/united-business.lu\/fr\/wp-json\/wp\/v2\/comments?post=7733"}],"version-history":[{"count":13,"href":"https:\/\/united-business.lu\/fr\/wp-json\/wp\/v2\/posts\/7733\/revisions"}],"predecessor-version":[{"id":8267,"href":"https:\/\/united-business.lu\/fr\/wp-json\/wp\/v2\/posts\/7733\/revisions\/8267"}],"wp:featuredmedia":[{"embeddable":true,"href":"https:\/\/united-business.lu\/fr\/wp-json\/wp\/v2\/media\/8262"}],"wp:attachment":[{"href":"https:\/\/united-business.lu\/fr\/wp-json\/wp\/v2\/media?parent=7733"}],"wp:term":[{"taxonomy":"category","embeddable":true,"href":"https:\/\/united-business.lu\/fr\/wp-json\/wp\/v2\/categories?post=7733"},{"taxonomy":"post_tag","embeddable":true,"href":"https:\/\/united-business.lu\/fr\/wp-json\/wp\/v2\/tags?post=7733"}],"curies":[{"name":"wp","href":"https:\/\/api.w.org\/{rel}","templated":true}]}}