{"id":6723,"date":"2023-03-01T12:31:24","date_gmt":"2023-03-01T11:31:24","guid":{"rendered":"https:\/\/united-business.lu\/?p=6723"},"modified":"2023-03-30T14:23:05","modified_gmt":"2023-03-30T13:23:05","slug":"meet-us-conference-de-presse","status":"publish","type":"post","link":"https:\/\/united-business.lu\/fr\/meet-us-conference-de-presse\/","title":{"rendered":"Meet Us &#8211; conf\u00e9rence de presse"},"content":{"rendered":"<p><strong>Weiswampach, le 28 f\u00e9vrier 2023. Les 14 et 15 avril 2023, United Business Luxembourg organise un \u00e9v\u00e9nement d\u2019un genre nouveau destin\u00e9 \u00e0 rassembler les entreprises du Nord du Luxembourg, des ind\u00e9pendants et des salari\u00e9s mais aussi le grand public. Pour cette premi\u00e8re \u00e9dition, l\u2019\u00e9v\u00e9nement \u00ab Meet Us \u00bb se tiendra au centre culturel de Weiswampach, Luxembourg.<\/strong><\/p>\n<h2>Vendredi 14 avril : Une opportunit\u00e9 de rencontres et de d\u00e9couvertes<\/h2>\n<p>La premi\u00e8re journ\u00e9e sera r\u00e9serv\u00e9e \u00e0 des \u00e9changes Business to Business entre les entreprises pr\u00e9sentes sur l\u2019\u00e9v\u00e9nement et leurs salari\u00e9s ainsi que les clients invit\u00e9s par ces derni\u00e8res. Lors de cette rencontre qui a pour objectif de mettre en avant la diversit\u00e9, la richesse et l\u2019expertise des soci\u00e9t\u00e9s du Nord du Luxembourg, les entreprises pourront \u00e9changer dans un cadre convivial et nouer de nouveaux contacts. La journ\u00e9e se terminera par un walking dinner. Ce networking d\u00e9contract\u00e9 sera suivi d\u2019une soir\u00e9e dansante. <em>Let&rsquo;s party !<\/em><\/p>\n<p>En s\u2019inscrivant, les entreprises disposeront chacune d\u2019un stand \u00e0 leur image, avec le logo de leur entreprise. L\u2019inscription inclut aussi un acc\u00e8s \u00e0 l\u2019espace \u00ab <em>Let&rsquo;s Talk<\/em> \u00bb pour discuter et prendre un verre ainsi que quatre acc\u00e8s \u00e0 Meet Us. Ce concept \u00abcl\u00e9 en main\u00bb permettra aux inscrits de se concentrer sur l\u2019essentiel : se faire conna\u00eetre sans se soucier du reste !<\/p>\n<p>Avec ces stands uniformes, chaque entreprise b\u00e9n\u00e9ficiera d\u2019une visibilit\u00e9 identitique afin de permettre aux visiteurs de ne pas se faire d\u2019id\u00e9es pr\u00e9con\u00e7ues et de se diriger librement vers chaque entreprise. Les rencontres pourront mener \u00e0 des \u00e9changes constructifs pour les entreprises, voire m\u00eame des recrutements. La cr\u00e9ativit\u00e9 sera \u00e9videmment de mise pour attirer le plus grand nombre : brochures, cartes de visite, diffusion d\u2019un film d\u2019entreprise\u2026 Les id\u00e9es sont nombreuses !<\/p>\n<p><strong>Les inscriptions sont ouvertes depuis d\u00e9but f\u00e9vrier jusqu\u2019au 15 mars inclus sur le site <a href=\"https:\/\/meet-us.lu\/fr\/\" target=\"_blank\" rel=\"noopener\"><em>meet-us.lu<\/em><\/a>. Pour les plus rapides, un tarif pr\u00e9f\u00e9rentiel de 990\u20ac HTVA pour le pack est d\u2019application jusqu\u2019au 3 mars (apr\u00e8s 1.150\u20ac HTVA).<\/strong><\/p>\n<h2>Samedi 15 avril : From Business to Customers<\/h2>\n<p>La seconde journ\u00e9e, les portes de Meet Us s\u2019ouvriront \u00e0 tous et permettront la rencontre entre les entreprises et le public. Les visiteurs partiront \u00e0 la d\u00e9couverte des firmes du Nord du Luxembourg et pourront assister \u00e0 des conf\u00e9rences, des ateliers et des s\u00e9ances de questions-r\u00e9ponses, que ce soit dans le domaine de la fiscalit\u00e9, la communication, le management ou encore la cr\u00e9ation d\u2019entreprise. Des experts seront pr\u00e9sents pour rencontrer les attentes tant des exposants que des visiteurs. <em>Let&rsquo;s talk !<\/em><\/p>\n<p>Le programme du samedi sera bient\u00f4t annonc\u00e9 sur le site web <a href=\"https:\/\/meet-us.lu\/fr\/\" target=\"_blank\" rel=\"noopener\">meet-us.lu<\/a>.<br \/>\nFormulaire d\u2019inscription pour les visiteurs et exposants sur <a href=\"https:\/\/meet-us.lu\/fr\/#inscription\" target=\"_blank\" rel=\"noopener\">https:\/\/meet-us.lu\/fr<\/a><\/p>\n","protected":false},"excerpt":{"rendered":"<p>Weiswampach, le 28 f\u00e9vrier 2023. Les 14 et 15 avril 2023, United Business Luxembourg organise un \u00e9v\u00e9nement d\u2019un genre nouveau destin\u00e9 \u00e0 rassembler les entreprises du Nord du Luxembourg, des ind\u00e9pendants et des salari\u00e9s mais aussi le grand public. Pour cette premi\u00e8re \u00e9dition, l\u2019\u00e9v\u00e9nement \u00ab Meet Us \u00bb se tiendra au centre culturel de Weiswampach, [&hellip;]<\/p>\n","protected":false},"author":1,"featured_media":6560,"comment_status":"closed","ping_status":"closed","sticky":false,"template":"","format":"standard","meta":{"_acf_changed":false,"footnotes":""},"categories":[1,63],"tags":[],"class_list":["post-6723","post","type-post","status-publish","format-standard","has-post-thumbnail","hentry","category-evenements","category-presse"],"acf":[],"yoast_head":"<!-- This site is optimized with the Yoast SEO plugin v27.5 - https:\/\/yoast.com\/product\/yoast-seo-wordpress\/ -->\n<title>Meet Us - conf\u00e9rence de presse - United Business Luxembourg<\/title>\n<meta name=\"robots\" content=\"index, follow, max-snippet:-1, max-image-preview:large, max-video-preview:-1\" \/>\n<link rel=\"canonical\" href=\"https:\/\/united-business.lu\/fr\/meet-us-conference-de-presse\/\" \/>\n<meta property=\"og:locale\" content=\"fr_FR\" \/>\n<meta property=\"og:type\" content=\"article\" \/>\n<meta property=\"og:title\" content=\"Meet Us - conf\u00e9rence de presse - United Business Luxembourg\" \/>\n<meta property=\"og:description\" content=\"Weiswampach, le 28 f\u00e9vrier 2023. Les 14 et 15 avril 2023, United Business Luxembourg organise un \u00e9v\u00e9nement d\u2019un genre nouveau destin\u00e9 \u00e0 rassembler les entreprises du Nord du Luxembourg, des ind\u00e9pendants et des salari\u00e9s mais aussi le grand public. Pour cette premi\u00e8re \u00e9dition, l\u2019\u00e9v\u00e9nement \u00ab Meet Us \u00bb se tiendra au centre culturel de Weiswampach, [&hellip;]\" \/>\n<meta property=\"og:url\" content=\"https:\/\/united-business.lu\/fr\/meet-us-conference-de-presse\/\" \/>\n<meta property=\"og:site_name\" content=\"United Business Luxembourg\" \/>\n<meta property=\"article:published_time\" content=\"2023-03-01T11:31:24+00:00\" \/>\n<meta property=\"article:modified_time\" content=\"2023-03-30T13:23:05+00:00\" \/>\n<meta property=\"og:image\" content=\"https:\/\/united-business.lu\/wp-content\/uploads\/2023\/02\/UNBI22860_Event-LetzMeet-header-1-1024x576.png\" \/>\n\t<meta property=\"og:image:width\" content=\"1024\" \/>\n\t<meta property=\"og:image:height\" content=\"576\" \/>\n\t<meta property=\"og:image:type\" content=\"image\/png\" \/>\n<meta name=\"author\" content=\"digvis\" \/>\n<meta name=\"twitter:card\" content=\"summary_large_image\" \/>\n<meta name=\"twitter:label1\" content=\"\u00c9crit par\" \/>\n\t<meta name=\"twitter:data1\" content=\"digvis\" \/>\n\t<meta name=\"twitter:label2\" content=\"Dur\u00e9e de lecture estim\u00e9e\" \/>\n\t<meta name=\"twitter:data2\" content=\"3 minutes\" \/>\n<script type=\"application\/ld+json\" class=\"yoast-schema-graph\">{\"@context\":\"https:\\\/\\\/schema.org\",\"@graph\":[{\"@type\":\"Article\",\"@id\":\"https:\\\/\\\/united-business.lu\\\/fr\\\/meet-us-conference-de-presse\\\/#article\",\"isPartOf\":{\"@id\":\"https:\\\/\\\/united-business.lu\\\/fr\\\/meet-us-conference-de-presse\\\/\"},\"author\":{\"name\":\"digvis\",\"@id\":\"https:\\\/\\\/united-business.lu\\\/#\\\/schema\\\/person\\\/9ec2c328c4b20d485d2b2c67bb810b50\"},\"headline\":\"Meet Us &#8211; conf\u00e9rence de presse\",\"datePublished\":\"2023-03-01T11:31:24+00:00\",\"dateModified\":\"2023-03-30T13:23:05+00:00\",\"mainEntityOfPage\":{\"@id\":\"https:\\\/\\\/united-business.lu\\\/fr\\\/meet-us-conference-de-presse\\\/\"},\"wordCount\":480,\"image\":{\"@id\":\"https:\\\/\\\/united-business.lu\\\/fr\\\/meet-us-conference-de-presse\\\/#primaryimage\"},\"thumbnailUrl\":\"https:\\\/\\\/united-business.lu\\\/wp-content\\\/uploads\\\/2023\\\/02\\\/UNBI22860_Event-LetzMeet-header-1.png\",\"articleSection\":[\"Ev\u00e8nements\",\"Presse\"],\"inLanguage\":\"fr-FR\"},{\"@type\":\"WebPage\",\"@id\":\"https:\\\/\\\/united-business.lu\\\/fr\\\/meet-us-conference-de-presse\\\/\",\"url\":\"https:\\\/\\\/united-business.lu\\\/fr\\\/meet-us-conference-de-presse\\\/\",\"name\":\"Meet Us - conf\u00e9rence de presse - United Business Luxembourg\",\"isPartOf\":{\"@id\":\"https:\\\/\\\/united-business.lu\\\/#website\"},\"primaryImageOfPage\":{\"@id\":\"https:\\\/\\\/united-business.lu\\\/fr\\\/meet-us-conference-de-presse\\\/#primaryimage\"},\"image\":{\"@id\":\"https:\\\/\\\/united-business.lu\\\/fr\\\/meet-us-conference-de-presse\\\/#primaryimage\"},\"thumbnailUrl\":\"https:\\\/\\\/united-business.lu\\\/wp-content\\\/uploads\\\/2023\\\/02\\\/UNBI22860_Event-LetzMeet-header-1.png\",\"datePublished\":\"2023-03-01T11:31:24+00:00\",\"dateModified\":\"2023-03-30T13:23:05+00:00\",\"author\":{\"@id\":\"https:\\\/\\\/united-business.lu\\\/#\\\/schema\\\/person\\\/9ec2c328c4b20d485d2b2c67bb810b50\"},\"breadcrumb\":{\"@id\":\"https:\\\/\\\/united-business.lu\\\/fr\\\/meet-us-conference-de-presse\\\/#breadcrumb\"},\"inLanguage\":\"fr-FR\",\"potentialAction\":[{\"@type\":\"ReadAction\",\"target\":[\"https:\\\/\\\/united-business.lu\\\/fr\\\/meet-us-conference-de-presse\\\/\"]}]},{\"@type\":\"ImageObject\",\"inLanguage\":\"fr-FR\",\"@id\":\"https:\\\/\\\/united-business.lu\\\/fr\\\/meet-us-conference-de-presse\\\/#primaryimage\",\"url\":\"https:\\\/\\\/united-business.lu\\\/wp-content\\\/uploads\\\/2023\\\/02\\\/UNBI22860_Event-LetzMeet-header-1.png\",\"contentUrl\":\"https:\\\/\\\/united-business.lu\\\/wp-content\\\/uploads\\\/2023\\\/02\\\/UNBI22860_Event-LetzMeet-header-1.png\",\"width\":3200,\"height\":1800},{\"@type\":\"BreadcrumbList\",\"@id\":\"https:\\\/\\\/united-business.lu\\\/fr\\\/meet-us-conference-de-presse\\\/#breadcrumb\",\"itemListElement\":[{\"@type\":\"ListItem\",\"position\":1,\"name\":\"Home\",\"item\":\"https:\\\/\\\/united-business.lu\\\/fr\\\/\"},{\"@type\":\"ListItem\",\"position\":2,\"name\":\"Meet Us &#8211; conf\u00e9rence de presse\"}]},{\"@type\":\"WebSite\",\"@id\":\"https:\\\/\\\/united-business.lu\\\/#website\",\"url\":\"https:\\\/\\\/united-business.lu\\\/\",\"name\":\"United Business Luxembourg\",\"description\":\"Get together for better business\",\"potentialAction\":[{\"@type\":\"SearchAction\",\"target\":{\"@type\":\"EntryPoint\",\"urlTemplate\":\"https:\\\/\\\/united-business.lu\\\/?s={search_term_string}\"},\"query-input\":{\"@type\":\"PropertyValueSpecification\",\"valueRequired\":true,\"valueName\":\"search_term_string\"}}],\"inLanguage\":\"fr-FR\"},{\"@type\":\"Person\",\"@id\":\"https:\\\/\\\/united-business.lu\\\/#\\\/schema\\\/person\\\/9ec2c328c4b20d485d2b2c67bb810b50\",\"name\":\"digvis\",\"image\":{\"@type\":\"ImageObject\",\"inLanguage\":\"fr-FR\",\"@id\":\"https:\\\/\\\/secure.gravatar.com\\\/avatar\\\/2c46051deb97a40a8fb341b522acb63fdbcd6ca350a2c90501d6921f71cd542a?s=96&d=mm&r=g\",\"url\":\"https:\\\/\\\/secure.gravatar.com\\\/avatar\\\/2c46051deb97a40a8fb341b522acb63fdbcd6ca350a2c90501d6921f71cd542a?s=96&d=mm&r=g\",\"contentUrl\":\"https:\\\/\\\/secure.gravatar.com\\\/avatar\\\/2c46051deb97a40a8fb341b522acb63fdbcd6ca350a2c90501d6921f71cd542a?s=96&d=mm&r=g\",\"caption\":\"digvis\"},\"sameAs\":[\"http:\\\/\\\/ubl.local\"],\"url\":\"https:\\\/\\\/united-business.lu\\\/fr\\\/author\\\/digvis\\\/\"}]}<\/script>\n<!-- \/ Yoast SEO plugin. -->","yoast_head_json":{"title":"Meet Us - conf\u00e9rence de presse - United Business Luxembourg","robots":{"index":"index","follow":"follow","max-snippet":"max-snippet:-1","max-image-preview":"max-image-preview:large","max-video-preview":"max-video-preview:-1"},"canonical":"https:\/\/united-business.lu\/fr\/meet-us-conference-de-presse\/","og_locale":"fr_FR","og_type":"article","og_title":"Meet Us - conf\u00e9rence de presse - United Business Luxembourg","og_description":"Weiswampach, le 28 f\u00e9vrier 2023. Les 14 et 15 avril 2023, United Business Luxembourg organise un \u00e9v\u00e9nement d\u2019un genre nouveau destin\u00e9 \u00e0 rassembler les entreprises du Nord du Luxembourg, des ind\u00e9pendants et des salari\u00e9s mais aussi le grand public. Pour cette premi\u00e8re \u00e9dition, l\u2019\u00e9v\u00e9nement \u00ab Meet Us \u00bb se tiendra au centre culturel de Weiswampach, [&hellip;]","og_url":"https:\/\/united-business.lu\/fr\/meet-us-conference-de-presse\/","og_site_name":"United Business Luxembourg","article_published_time":"2023-03-01T11:31:24+00:00","article_modified_time":"2023-03-30T13:23:05+00:00","og_image":[{"width":1024,"height":576,"url":"https:\/\/united-business.lu\/wp-content\/uploads\/2023\/02\/UNBI22860_Event-LetzMeet-header-1-1024x576.png","type":"image\/png"}],"author":"digvis","twitter_card":"summary_large_image","twitter_misc":{"\u00c9crit par":"digvis","Dur\u00e9e de lecture estim\u00e9e":"3 minutes"},"schema":{"@context":"https:\/\/schema.org","@graph":[{"@type":"Article","@id":"https:\/\/united-business.lu\/fr\/meet-us-conference-de-presse\/#article","isPartOf":{"@id":"https:\/\/united-business.lu\/fr\/meet-us-conference-de-presse\/"},"author":{"name":"digvis","@id":"https:\/\/united-business.lu\/#\/schema\/person\/9ec2c328c4b20d485d2b2c67bb810b50"},"headline":"Meet Us &#8211; conf\u00e9rence de presse","datePublished":"2023-03-01T11:31:24+00:00","dateModified":"2023-03-30T13:23:05+00:00","mainEntityOfPage":{"@id":"https:\/\/united-business.lu\/fr\/meet-us-conference-de-presse\/"},"wordCount":480,"image":{"@id":"https:\/\/united-business.lu\/fr\/meet-us-conference-de-presse\/#primaryimage"},"thumbnailUrl":"https:\/\/united-business.lu\/wp-content\/uploads\/2023\/02\/UNBI22860_Event-LetzMeet-header-1.png","articleSection":["Ev\u00e8nements","Presse"],"inLanguage":"fr-FR"},{"@type":"WebPage","@id":"https:\/\/united-business.lu\/fr\/meet-us-conference-de-presse\/","url":"https:\/\/united-business.lu\/fr\/meet-us-conference-de-presse\/","name":"Meet Us - conf\u00e9rence de presse - United Business Luxembourg","isPartOf":{"@id":"https:\/\/united-business.lu\/#website"},"primaryImageOfPage":{"@id":"https:\/\/united-business.lu\/fr\/meet-us-conference-de-presse\/#primaryimage"},"image":{"@id":"https:\/\/united-business.lu\/fr\/meet-us-conference-de-presse\/#primaryimage"},"thumbnailUrl":"https:\/\/united-business.lu\/wp-content\/uploads\/2023\/02\/UNBI22860_Event-LetzMeet-header-1.png","datePublished":"2023-03-01T11:31:24+00:00","dateModified":"2023-03-30T13:23:05+00:00","author":{"@id":"https:\/\/united-business.lu\/#\/schema\/person\/9ec2c328c4b20d485d2b2c67bb810b50"},"breadcrumb":{"@id":"https:\/\/united-business.lu\/fr\/meet-us-conference-de-presse\/#breadcrumb"},"inLanguage":"fr-FR","potentialAction":[{"@type":"ReadAction","target":["https:\/\/united-business.lu\/fr\/meet-us-conference-de-presse\/"]}]},{"@type":"ImageObject","inLanguage":"fr-FR","@id":"https:\/\/united-business.lu\/fr\/meet-us-conference-de-presse\/#primaryimage","url":"https:\/\/united-business.lu\/wp-content\/uploads\/2023\/02\/UNBI22860_Event-LetzMeet-header-1.png","contentUrl":"https:\/\/united-business.lu\/wp-content\/uploads\/2023\/02\/UNBI22860_Event-LetzMeet-header-1.png","width":3200,"height":1800},{"@type":"BreadcrumbList","@id":"https:\/\/united-business.lu\/fr\/meet-us-conference-de-presse\/#breadcrumb","itemListElement":[{"@type":"ListItem","position":1,"name":"Home","item":"https:\/\/united-business.lu\/fr\/"},{"@type":"ListItem","position":2,"name":"Meet Us &#8211; conf\u00e9rence de presse"}]},{"@type":"WebSite","@id":"https:\/\/united-business.lu\/#website","url":"https:\/\/united-business.lu\/","name":"United Business Luxembourg","description":"Get together for better business","potentialAction":[{"@type":"SearchAction","target":{"@type":"EntryPoint","urlTemplate":"https:\/\/united-business.lu\/?s={search_term_string}"},"query-input":{"@type":"PropertyValueSpecification","valueRequired":true,"valueName":"search_term_string"}}],"inLanguage":"fr-FR"},{"@type":"Person","@id":"https:\/\/united-business.lu\/#\/schema\/person\/9ec2c328c4b20d485d2b2c67bb810b50","name":"digvis","image":{"@type":"ImageObject","inLanguage":"fr-FR","@id":"https:\/\/secure.gravatar.com\/avatar\/2c46051deb97a40a8fb341b522acb63fdbcd6ca350a2c90501d6921f71cd542a?s=96&d=mm&r=g","url":"https:\/\/secure.gravatar.com\/avatar\/2c46051deb97a40a8fb341b522acb63fdbcd6ca350a2c90501d6921f71cd542a?s=96&d=mm&r=g","contentUrl":"https:\/\/secure.gravatar.com\/avatar\/2c46051deb97a40a8fb341b522acb63fdbcd6ca350a2c90501d6921f71cd542a?s=96&d=mm&r=g","caption":"digvis"},"sameAs":["http:\/\/ubl.local"],"url":"https:\/\/united-business.lu\/fr\/author\/digvis\/"}]}},"_links":{"self":[{"href":"https:\/\/united-business.lu\/fr\/wp-json\/wp\/v2\/posts\/6723","targetHints":{"allow":["GET"]}}],"collection":[{"href":"https:\/\/united-business.lu\/fr\/wp-json\/wp\/v2\/posts"}],"about":[{"href":"https:\/\/united-business.lu\/fr\/wp-json\/wp\/v2\/types\/post"}],"author":[{"embeddable":true,"href":"https:\/\/united-business.lu\/fr\/wp-json\/wp\/v2\/users\/1"}],"replies":[{"embeddable":true,"href":"https:\/\/united-business.lu\/fr\/wp-json\/wp\/v2\/comments?post=6723"}],"version-history":[{"count":15,"href":"https:\/\/united-business.lu\/fr\/wp-json\/wp\/v2\/posts\/6723\/revisions"}],"predecessor-version":[{"id":6872,"href":"https:\/\/united-business.lu\/fr\/wp-json\/wp\/v2\/posts\/6723\/revisions\/6872"}],"wp:featuredmedia":[{"embeddable":true,"href":"https:\/\/united-business.lu\/fr\/wp-json\/wp\/v2\/media\/6560"}],"wp:attachment":[{"href":"https:\/\/united-business.lu\/fr\/wp-json\/wp\/v2\/media?parent=6723"}],"wp:term":[{"taxonomy":"category","embeddable":true,"href":"https:\/\/united-business.lu\/fr\/wp-json\/wp\/v2\/categories?post=6723"},{"taxonomy":"post_tag","embeddable":true,"href":"https:\/\/united-business.lu\/fr\/wp-json\/wp\/v2\/tags?post=6723"}],"curies":[{"name":"wp","href":"https:\/\/api.w.org\/{rel}","templated":true}]}}