{"id":6634,"date":"2023-02-17T15:01:56","date_gmt":"2023-02-17T14:01:56","guid":{"rendered":"https:\/\/united-business.lu\/?p=6634"},"modified":"2023-03-24T18:36:25","modified_gmt":"2023-03-24T17:36:25","slug":"meet-us-entreprises-luxembourg","status":"publish","type":"post","link":"https:\/\/united-business.lu\/fr\/meet-us-entreprises-luxembourg\/","title":{"rendered":"Meet Us \u2013 l\u2019\u00e9v\u00e9nement qui fait bouger les entreprises du Nord du Luxembourg !"},"content":{"rendered":"<p>Organis\u00e9 les <strong>14 et 15 avril<\/strong> \u00e0 Weiswampach, Meet Us est un \u00e9v\u00e9nement d\u2019un genre nouveau destin\u00e9 \u00e0 rassembler d\u2019une part les entreprises, ind\u00e9pendants et travailleurs d\u00e9j\u00e0 pr\u00e9sents dans le Nord du Luxembourg et d\u2019autre part le grand public souhaitant y \u00e9voluer en tant qu\u2019entreprise ou salari\u00e9.<\/p>\n<p>&nbsp;<\/p>\n<div class=\"row\">\n<div class=\"col-lg-12\">\n<h2><strong>VENDREDI 14 AVRIL <\/strong><br \/>\nUne opportunit\u00e9 de rencontres et de d\u00e9couvertes pour tous<\/h2>\n<p>La premi\u00e8re journ\u00e9e sera r\u00e9serv\u00e9e \u00e0 des \u00e9changes Business to Business entre les entreprises pr\u00e9sentes sur l\u2019\u00e9v\u00e9nement et les clients invit\u00e9s par ces derni\u00e8res. L\u2019objectif est de mettre en avant la diversit\u00e9, la richesse et l\u2019expertise des soci\u00e9t\u00e9s implant\u00e9es dans le Nord du Luxembourg. La journ\u00e9e se terminera par un walking dinner. Ce networking d\u00e9contract\u00e9 sera suivi d\u2019une soir\u00e9e dansante. Let&rsquo;s Party !<\/p>\n<p><strong>\u00c0 l\u2019horaire :<\/strong><\/p>\n<ul>\n<li>\u00c0 partir de 14h : Accueil des exposants<\/li>\n<li>15h\u00a0: Ouverture de l\u2019\u00e9v\u00e8nement<\/li>\n<li>17h30 : Ap\u00e9ro et Walking Dinner<\/li>\n<li>21h : Let&rsquo;s Party<\/li>\n<li>Minuit :Extinction des feux<\/li>\n<\/ul>\n<p><a class=\"btn btn-primary\" href=\"https:\/\/meet-us.lu\/fr\/#inscription\">Inscrivez-vous<\/a><\/p>\n<\/div>\n<div class=\"col-lg-12 mt-5\">\n<h2><strong>SAMEDI 15 AVRIL <\/strong><br \/>\nFrom Business to Customers<\/h2>\n<p>La seconde journ\u00e9e ouvrira les portes de Meet Us \u00e0 tous. Les visiteurs partiront \u00e0 la d\u00e9couverte des entreprises du Nord du Luxembourg : premier contact, recrutement, prise d\u2019informations, etc. Meet Us donne l\u2019opportunit\u00e9 aux exposants de se faire conna\u00eetre du grand public.D iff\u00e9rents ateliers, conf\u00e9rences et s\u00e9ances de questions-r\u00e9ponses seront propos\u00e9s \u00e0 tous les participants. Peut importe votre domaine, des experts seront pr\u00e9sents pour rencontrer les attentes tant des exposants que des visiteurs. Let&rsquo;s Talk !<\/p>\n<p><strong>\u00c0 l\u2019horaire :<\/strong><\/p>\n<ul>\n<li>\u00c0 partir de 9h : Accueil des exposants<\/li>\n<li>9h30\u00a0: Ouverture au grand public<\/li>\n<li>10h : D\u00e9but des conferences<\/li>\n<\/ul>\n<p><a class=\"btn btn-primary\" href=\"https:\/\/meet-us.lu\/fr\/#inscription\">Inscrivez-vous<\/a><\/p>\n<\/div>\n<\/div>\n<h2 class=\"mt-5\"><strong>EXPOSEZ VOTRE POTENTIEL <\/strong><br \/>\nUne vitrine pour votre business!<\/h2>\n<p>Si vous d\u00e9sirez faire d\u00e9couvrir votre activit\u00e9 ou lui donner un coup de boost, Meet Us est l\u2019occasion r\u00eav\u00e9e ! Ne vous occupez de rien et laissez United Business cr\u00e9er l\u2019opportunit\u00e9. Un stand \u00e0 Meet Us c\u2019est :<\/p>\n<ul>\n<li>Un stand personnalis\u00e9, lumineux et 100% am\u00e9nag\u00e9 pour vous (texte de pr\u00e9sentation de l\u2019entreprise + logo)<\/li>\n<li>Un comptoir d\u2019accueil pour y pr\u00e9senter vos brochures, cartes de visite, film d\u2019entreprise sur un laptop (\u00e0 pr\u00e9voir)<\/li>\n<li>Un acc\u00e8s \u00e0 l\u2019espace \u00ab Let&rsquo;s Talk \u00bb pour discuter et prendre un verre<\/li>\n<li>4 acc\u00e8s \u00e0 Meet Us (acc\u00e8s suppl\u00e9mentaire pour vos clients, votre \u00e9quipe \u00e0 80\u20ac HTVA par personne), incluant chacun 5 tickets boissons et l\u2019acc\u00e8s au walking dinner. Possibilit\u00e9 d\u2019acheter des packs de jetons par facture : <em>1 jeton \/ 1 Jeton = 2,50\u20ac (non remboursable)<\/em><strong>.<\/strong><\/li>\n<\/ul>\n<h2 class=\"mt-5\"><strong>SPONSORISEZ L&rsquo;\u00c9V\u00c9NEMENT <\/strong><br \/>\nSoutenez nous !<\/h2>\n<p>En tant que sponsor officiel, vous b\u00e9n\u00e9ficierez d\u2019une visibilit\u00e9 accrue sur place mais aussi dans la promotion de l\u2019\u00e9v\u00e9nement.<\/p>\n<h3><strong>DIAMANT<\/strong>:<\/h3>\n<p>Devenez le sponsor diamant exclusif !<\/p>\n<ul>\n<li>1 stand Meet Us personnalis\u00e9, lumineux et 100% am\u00e9nag\u00e9 pour vous (texte de pr\u00e9sentation de l\u2019entreprise + logo)<\/li>\n<li>10 entr\u00e9es<\/li>\n<li>1 page de pub dans le programme<\/li>\n<li>Diffusion d\u2019une vid\u00e9o de pr\u00e9sentation de votre entreprise (\u00e0 nous fournir)<\/li>\n<li>Visibilit\u00e9 sur l\u2019\u00e9v\u00e9nement\u00a0: beach flags, banners (\u00e0 nous fournir)<\/li>\n<li>Visibilit\u00e9 sur la communication de l\u2019\u00e9v\u00e9nement (logo sur affiche, newsletter, campagne digitale\u2026)<\/li>\n<\/ul>\n<p>Prix :\u00a0<strong>10.000\u20ac<\/strong><\/p>\n<h3><strong>GOLD<\/strong>:<\/h3>\n<p>Devenez le sponsor diamant exclusif !<\/p>\n<ul>\n<li>1 stand Meet Us \u00ab cl\u00e9 sur porte \u00bb<\/li>\n<li>5 entr\u00e9es<\/li>\n<li>Diffusion d\u2019une vid\u00e9o de pr\u00e9sentation de votre entreprise (\u00e0 nous fournir)<\/li>\n<li>Visibilit\u00e9 sur la communication de l\u2019\u00e9v\u00e9nement (logo sur affiche, newsletter,\u2026)<\/li>\n<\/ul>\n<p>Prix :\u00a0<strong>5.000\u20ac<\/strong><\/p>\n<p><a class=\"btn btn-primary\" href=\"https:\/\/meet-us.lu\/fr\/#inscription\">Inscrivez-vous ICI !<\/a><\/p>\n","protected":false},"excerpt":{"rendered":"<p>Organis\u00e9 les 14 et 15 avril \u00e0 Weiswampach, Meet Us est un \u00e9v\u00e9nement d\u2019un genre nouveau destin\u00e9 \u00e0 rassembler d\u2019une part les entreprises, ind\u00e9pendants et travailleurs d\u00e9j\u00e0 pr\u00e9sents dans le Nord du Luxembourg et d\u2019autre part le grand public souhaitant y \u00e9voluer en tant qu\u2019entreprise ou salari\u00e9. &nbsp; VENDREDI 14 AVRIL Une opportunit\u00e9 de rencontres [&hellip;]<\/p>\n","protected":false},"author":1,"featured_media":6560,"comment_status":"closed","ping_status":"closed","sticky":false,"template":"","format":"standard","meta":{"_acf_changed":false,"footnotes":""},"categories":[1],"tags":[],"class_list":["post-6634","post","type-post","status-publish","format-standard","has-post-thumbnail","hentry","category-evenements"],"acf":[],"yoast_head":"<!-- This site is optimized with the Yoast SEO plugin v27.5 - https:\/\/yoast.com\/product\/yoast-seo-wordpress\/ -->\n<title>Meet Us \u2013 l\u2019\u00e9v\u00e9nement qui fait bouger les entreprises du Nord du Luxembourg ! - United Business Luxembourg<\/title>\n<meta name=\"robots\" content=\"index, follow, max-snippet:-1, max-image-preview:large, max-video-preview:-1\" \/>\n<link rel=\"canonical\" href=\"https:\/\/united-business.lu\/fr\/meet-us-entreprises-luxembourg\/\" \/>\n<meta property=\"og:locale\" content=\"fr_FR\" \/>\n<meta property=\"og:type\" content=\"article\" \/>\n<meta property=\"og:title\" content=\"Meet Us \u2013 l\u2019\u00e9v\u00e9nement qui fait bouger les entreprises du Nord du Luxembourg ! - United Business Luxembourg\" \/>\n<meta property=\"og:description\" content=\"Organis\u00e9 les 14 et 15 avril \u00e0 Weiswampach, Meet Us est un \u00e9v\u00e9nement d\u2019un genre nouveau destin\u00e9 \u00e0 rassembler d\u2019une part les entreprises, ind\u00e9pendants et travailleurs d\u00e9j\u00e0 pr\u00e9sents dans le Nord du Luxembourg et d\u2019autre part le grand public souhaitant y \u00e9voluer en tant qu\u2019entreprise ou salari\u00e9. &nbsp; VENDREDI 14 AVRIL Une opportunit\u00e9 de rencontres [&hellip;]\" \/>\n<meta property=\"og:url\" content=\"https:\/\/united-business.lu\/fr\/meet-us-entreprises-luxembourg\/\" \/>\n<meta property=\"og:site_name\" content=\"United Business Luxembourg\" \/>\n<meta property=\"article:published_time\" content=\"2023-02-17T14:01:56+00:00\" \/>\n<meta property=\"article:modified_time\" content=\"2023-03-24T17:36:25+00:00\" \/>\n<meta property=\"og:image\" content=\"https:\/\/united-business.lu\/wp-content\/uploads\/2023\/02\/UNBI22860_Event-LetzMeet-header-1-1024x576.png\" \/>\n\t<meta property=\"og:image:width\" content=\"1024\" \/>\n\t<meta property=\"og:image:height\" content=\"576\" \/>\n\t<meta property=\"og:image:type\" content=\"image\/png\" \/>\n<meta name=\"author\" content=\"digvis\" \/>\n<meta name=\"twitter:card\" content=\"summary_large_image\" \/>\n<meta name=\"twitter:label1\" content=\"\u00c9crit par\" \/>\n\t<meta name=\"twitter:data1\" content=\"digvis\" \/>\n\t<meta name=\"twitter:label2\" content=\"Dur\u00e9e de lecture estim\u00e9e\" \/>\n\t<meta name=\"twitter:data2\" content=\"3 minutes\" \/>\n<script type=\"application\/ld+json\" class=\"yoast-schema-graph\">{\"@context\":\"https:\\\/\\\/schema.org\",\"@graph\":[{\"@type\":\"Article\",\"@id\":\"https:\\\/\\\/united-business.lu\\\/fr\\\/meet-us-entreprises-luxembourg\\\/#article\",\"isPartOf\":{\"@id\":\"https:\\\/\\\/united-business.lu\\\/fr\\\/meet-us-entreprises-luxembourg\\\/\"},\"author\":{\"name\":\"digvis\",\"@id\":\"https:\\\/\\\/united-business.lu\\\/#\\\/schema\\\/person\\\/9ec2c328c4b20d485d2b2c67bb810b50\"},\"headline\":\"Meet Us \u2013 l\u2019\u00e9v\u00e9nement qui fait bouger les entreprises du Nord du Luxembourg !\",\"datePublished\":\"2023-02-17T14:01:56+00:00\",\"dateModified\":\"2023-03-24T17:36:25+00:00\",\"mainEntityOfPage\":{\"@id\":\"https:\\\/\\\/united-business.lu\\\/fr\\\/meet-us-entreprises-luxembourg\\\/\"},\"wordCount\":582,\"image\":{\"@id\":\"https:\\\/\\\/united-business.lu\\\/fr\\\/meet-us-entreprises-luxembourg\\\/#primaryimage\"},\"thumbnailUrl\":\"https:\\\/\\\/united-business.lu\\\/wp-content\\\/uploads\\\/2023\\\/02\\\/UNBI22860_Event-LetzMeet-header-1.png\",\"articleSection\":[\"Ev\u00e8nements\"],\"inLanguage\":\"fr-FR\"},{\"@type\":\"WebPage\",\"@id\":\"https:\\\/\\\/united-business.lu\\\/fr\\\/meet-us-entreprises-luxembourg\\\/\",\"url\":\"https:\\\/\\\/united-business.lu\\\/fr\\\/meet-us-entreprises-luxembourg\\\/\",\"name\":\"Meet Us \u2013 l\u2019\u00e9v\u00e9nement qui fait bouger les entreprises du Nord du Luxembourg ! - United Business Luxembourg\",\"isPartOf\":{\"@id\":\"https:\\\/\\\/united-business.lu\\\/#website\"},\"primaryImageOfPage\":{\"@id\":\"https:\\\/\\\/united-business.lu\\\/fr\\\/meet-us-entreprises-luxembourg\\\/#primaryimage\"},\"image\":{\"@id\":\"https:\\\/\\\/united-business.lu\\\/fr\\\/meet-us-entreprises-luxembourg\\\/#primaryimage\"},\"thumbnailUrl\":\"https:\\\/\\\/united-business.lu\\\/wp-content\\\/uploads\\\/2023\\\/02\\\/UNBI22860_Event-LetzMeet-header-1.png\",\"datePublished\":\"2023-02-17T14:01:56+00:00\",\"dateModified\":\"2023-03-24T17:36:25+00:00\",\"author\":{\"@id\":\"https:\\\/\\\/united-business.lu\\\/#\\\/schema\\\/person\\\/9ec2c328c4b20d485d2b2c67bb810b50\"},\"breadcrumb\":{\"@id\":\"https:\\\/\\\/united-business.lu\\\/fr\\\/meet-us-entreprises-luxembourg\\\/#breadcrumb\"},\"inLanguage\":\"fr-FR\",\"potentialAction\":[{\"@type\":\"ReadAction\",\"target\":[\"https:\\\/\\\/united-business.lu\\\/fr\\\/meet-us-entreprises-luxembourg\\\/\"]}]},{\"@type\":\"ImageObject\",\"inLanguage\":\"fr-FR\",\"@id\":\"https:\\\/\\\/united-business.lu\\\/fr\\\/meet-us-entreprises-luxembourg\\\/#primaryimage\",\"url\":\"https:\\\/\\\/united-business.lu\\\/wp-content\\\/uploads\\\/2023\\\/02\\\/UNBI22860_Event-LetzMeet-header-1.png\",\"contentUrl\":\"https:\\\/\\\/united-business.lu\\\/wp-content\\\/uploads\\\/2023\\\/02\\\/UNBI22860_Event-LetzMeet-header-1.png\",\"width\":3200,\"height\":1800},{\"@type\":\"BreadcrumbList\",\"@id\":\"https:\\\/\\\/united-business.lu\\\/fr\\\/meet-us-entreprises-luxembourg\\\/#breadcrumb\",\"itemListElement\":[{\"@type\":\"ListItem\",\"position\":1,\"name\":\"Home\",\"item\":\"https:\\\/\\\/united-business.lu\\\/fr\\\/\"},{\"@type\":\"ListItem\",\"position\":2,\"name\":\"Meet Us \u2013 l\u2019\u00e9v\u00e9nement qui fait bouger les entreprises du Nord du Luxembourg !\"}]},{\"@type\":\"WebSite\",\"@id\":\"https:\\\/\\\/united-business.lu\\\/#website\",\"url\":\"https:\\\/\\\/united-business.lu\\\/\",\"name\":\"United Business Luxembourg\",\"description\":\"Get together for better business\",\"potentialAction\":[{\"@type\":\"SearchAction\",\"target\":{\"@type\":\"EntryPoint\",\"urlTemplate\":\"https:\\\/\\\/united-business.lu\\\/?s={search_term_string}\"},\"query-input\":{\"@type\":\"PropertyValueSpecification\",\"valueRequired\":true,\"valueName\":\"search_term_string\"}}],\"inLanguage\":\"fr-FR\"},{\"@type\":\"Person\",\"@id\":\"https:\\\/\\\/united-business.lu\\\/#\\\/schema\\\/person\\\/9ec2c328c4b20d485d2b2c67bb810b50\",\"name\":\"digvis\",\"image\":{\"@type\":\"ImageObject\",\"inLanguage\":\"fr-FR\",\"@id\":\"https:\\\/\\\/secure.gravatar.com\\\/avatar\\\/2c46051deb97a40a8fb341b522acb63fdbcd6ca350a2c90501d6921f71cd542a?s=96&d=mm&r=g\",\"url\":\"https:\\\/\\\/secure.gravatar.com\\\/avatar\\\/2c46051deb97a40a8fb341b522acb63fdbcd6ca350a2c90501d6921f71cd542a?s=96&d=mm&r=g\",\"contentUrl\":\"https:\\\/\\\/secure.gravatar.com\\\/avatar\\\/2c46051deb97a40a8fb341b522acb63fdbcd6ca350a2c90501d6921f71cd542a?s=96&d=mm&r=g\",\"caption\":\"digvis\"},\"sameAs\":[\"http:\\\/\\\/ubl.local\"],\"url\":\"https:\\\/\\\/united-business.lu\\\/fr\\\/author\\\/digvis\\\/\"}]}<\/script>\n<!-- \/ Yoast SEO plugin. -->","yoast_head_json":{"title":"Meet Us \u2013 l\u2019\u00e9v\u00e9nement qui fait bouger les entreprises du Nord du Luxembourg ! - United Business Luxembourg","robots":{"index":"index","follow":"follow","max-snippet":"max-snippet:-1","max-image-preview":"max-image-preview:large","max-video-preview":"max-video-preview:-1"},"canonical":"https:\/\/united-business.lu\/fr\/meet-us-entreprises-luxembourg\/","og_locale":"fr_FR","og_type":"article","og_title":"Meet Us \u2013 l\u2019\u00e9v\u00e9nement qui fait bouger les entreprises du Nord du Luxembourg ! - United Business Luxembourg","og_description":"Organis\u00e9 les 14 et 15 avril \u00e0 Weiswampach, Meet Us est un \u00e9v\u00e9nement d\u2019un genre nouveau destin\u00e9 \u00e0 rassembler d\u2019une part les entreprises, ind\u00e9pendants et travailleurs d\u00e9j\u00e0 pr\u00e9sents dans le Nord du Luxembourg et d\u2019autre part le grand public souhaitant y \u00e9voluer en tant qu\u2019entreprise ou salari\u00e9. &nbsp; VENDREDI 14 AVRIL Une opportunit\u00e9 de rencontres [&hellip;]","og_url":"https:\/\/united-business.lu\/fr\/meet-us-entreprises-luxembourg\/","og_site_name":"United Business Luxembourg","article_published_time":"2023-02-17T14:01:56+00:00","article_modified_time":"2023-03-24T17:36:25+00:00","og_image":[{"width":1024,"height":576,"url":"https:\/\/united-business.lu\/wp-content\/uploads\/2023\/02\/UNBI22860_Event-LetzMeet-header-1-1024x576.png","type":"image\/png"}],"author":"digvis","twitter_card":"summary_large_image","twitter_misc":{"\u00c9crit par":"digvis","Dur\u00e9e de lecture estim\u00e9e":"3 minutes"},"schema":{"@context":"https:\/\/schema.org","@graph":[{"@type":"Article","@id":"https:\/\/united-business.lu\/fr\/meet-us-entreprises-luxembourg\/#article","isPartOf":{"@id":"https:\/\/united-business.lu\/fr\/meet-us-entreprises-luxembourg\/"},"author":{"name":"digvis","@id":"https:\/\/united-business.lu\/#\/schema\/person\/9ec2c328c4b20d485d2b2c67bb810b50"},"headline":"Meet Us \u2013 l\u2019\u00e9v\u00e9nement qui fait bouger les entreprises du Nord du Luxembourg !","datePublished":"2023-02-17T14:01:56+00:00","dateModified":"2023-03-24T17:36:25+00:00","mainEntityOfPage":{"@id":"https:\/\/united-business.lu\/fr\/meet-us-entreprises-luxembourg\/"},"wordCount":582,"image":{"@id":"https:\/\/united-business.lu\/fr\/meet-us-entreprises-luxembourg\/#primaryimage"},"thumbnailUrl":"https:\/\/united-business.lu\/wp-content\/uploads\/2023\/02\/UNBI22860_Event-LetzMeet-header-1.png","articleSection":["Ev\u00e8nements"],"inLanguage":"fr-FR"},{"@type":"WebPage","@id":"https:\/\/united-business.lu\/fr\/meet-us-entreprises-luxembourg\/","url":"https:\/\/united-business.lu\/fr\/meet-us-entreprises-luxembourg\/","name":"Meet Us \u2013 l\u2019\u00e9v\u00e9nement qui fait bouger les entreprises du Nord du Luxembourg ! - United Business Luxembourg","isPartOf":{"@id":"https:\/\/united-business.lu\/#website"},"primaryImageOfPage":{"@id":"https:\/\/united-business.lu\/fr\/meet-us-entreprises-luxembourg\/#primaryimage"},"image":{"@id":"https:\/\/united-business.lu\/fr\/meet-us-entreprises-luxembourg\/#primaryimage"},"thumbnailUrl":"https:\/\/united-business.lu\/wp-content\/uploads\/2023\/02\/UNBI22860_Event-LetzMeet-header-1.png","datePublished":"2023-02-17T14:01:56+00:00","dateModified":"2023-03-24T17:36:25+00:00","author":{"@id":"https:\/\/united-business.lu\/#\/schema\/person\/9ec2c328c4b20d485d2b2c67bb810b50"},"breadcrumb":{"@id":"https:\/\/united-business.lu\/fr\/meet-us-entreprises-luxembourg\/#breadcrumb"},"inLanguage":"fr-FR","potentialAction":[{"@type":"ReadAction","target":["https:\/\/united-business.lu\/fr\/meet-us-entreprises-luxembourg\/"]}]},{"@type":"ImageObject","inLanguage":"fr-FR","@id":"https:\/\/united-business.lu\/fr\/meet-us-entreprises-luxembourg\/#primaryimage","url":"https:\/\/united-business.lu\/wp-content\/uploads\/2023\/02\/UNBI22860_Event-LetzMeet-header-1.png","contentUrl":"https:\/\/united-business.lu\/wp-content\/uploads\/2023\/02\/UNBI22860_Event-LetzMeet-header-1.png","width":3200,"height":1800},{"@type":"BreadcrumbList","@id":"https:\/\/united-business.lu\/fr\/meet-us-entreprises-luxembourg\/#breadcrumb","itemListElement":[{"@type":"ListItem","position":1,"name":"Home","item":"https:\/\/united-business.lu\/fr\/"},{"@type":"ListItem","position":2,"name":"Meet Us \u2013 l\u2019\u00e9v\u00e9nement qui fait bouger les entreprises du Nord du Luxembourg !"}]},{"@type":"WebSite","@id":"https:\/\/united-business.lu\/#website","url":"https:\/\/united-business.lu\/","name":"United Business Luxembourg","description":"Get together for better business","potentialAction":[{"@type":"SearchAction","target":{"@type":"EntryPoint","urlTemplate":"https:\/\/united-business.lu\/?s={search_term_string}"},"query-input":{"@type":"PropertyValueSpecification","valueRequired":true,"valueName":"search_term_string"}}],"inLanguage":"fr-FR"},{"@type":"Person","@id":"https:\/\/united-business.lu\/#\/schema\/person\/9ec2c328c4b20d485d2b2c67bb810b50","name":"digvis","image":{"@type":"ImageObject","inLanguage":"fr-FR","@id":"https:\/\/secure.gravatar.com\/avatar\/2c46051deb97a40a8fb341b522acb63fdbcd6ca350a2c90501d6921f71cd542a?s=96&d=mm&r=g","url":"https:\/\/secure.gravatar.com\/avatar\/2c46051deb97a40a8fb341b522acb63fdbcd6ca350a2c90501d6921f71cd542a?s=96&d=mm&r=g","contentUrl":"https:\/\/secure.gravatar.com\/avatar\/2c46051deb97a40a8fb341b522acb63fdbcd6ca350a2c90501d6921f71cd542a?s=96&d=mm&r=g","caption":"digvis"},"sameAs":["http:\/\/ubl.local"],"url":"https:\/\/united-business.lu\/fr\/author\/digvis\/"}]}},"_links":{"self":[{"href":"https:\/\/united-business.lu\/fr\/wp-json\/wp\/v2\/posts\/6634","targetHints":{"allow":["GET"]}}],"collection":[{"href":"https:\/\/united-business.lu\/fr\/wp-json\/wp\/v2\/posts"}],"about":[{"href":"https:\/\/united-business.lu\/fr\/wp-json\/wp\/v2\/types\/post"}],"author":[{"embeddable":true,"href":"https:\/\/united-business.lu\/fr\/wp-json\/wp\/v2\/users\/1"}],"replies":[{"embeddable":true,"href":"https:\/\/united-business.lu\/fr\/wp-json\/wp\/v2\/comments?post=6634"}],"version-history":[{"count":9,"href":"https:\/\/united-business.lu\/fr\/wp-json\/wp\/v2\/posts\/6634\/revisions"}],"predecessor-version":[{"id":6861,"href":"https:\/\/united-business.lu\/fr\/wp-json\/wp\/v2\/posts\/6634\/revisions\/6861"}],"wp:featuredmedia":[{"embeddable":true,"href":"https:\/\/united-business.lu\/fr\/wp-json\/wp\/v2\/media\/6560"}],"wp:attachment":[{"href":"https:\/\/united-business.lu\/fr\/wp-json\/wp\/v2\/media?parent=6634"}],"wp:term":[{"taxonomy":"category","embeddable":true,"href":"https:\/\/united-business.lu\/fr\/wp-json\/wp\/v2\/categories?post=6634"},{"taxonomy":"post_tag","embeddable":true,"href":"https:\/\/united-business.lu\/fr\/wp-json\/wp\/v2\/tags?post=6634"}],"curies":[{"name":"wp","href":"https:\/\/api.w.org\/{rel}","templated":true}]}}