{"id":5478,"date":"2022-12-08T15:01:25","date_gmt":"2022-12-08T14:01:25","guid":{"rendered":"https:\/\/united-business.lu\/?p=5478"},"modified":"2022-12-09T09:57:24","modified_gmt":"2022-12-09T08:57:24","slug":"tom-herrmann-soiree-thematique-sur-le-leadership-entre-stabilite-et-changement","status":"publish","type":"post","link":"https:\/\/united-business.lu\/fr\/tom-herrmann-soiree-thematique-sur-le-leadership-entre-stabilite-et-changement\/","title":{"rendered":"Tom Hermann : Soir\u00e9e th\u00e9matique sur le leadership entre stabilit\u00e9 et changement"},"content":{"rendered":"<h2>Les entreprises, les organisations et notre environnement \u00e9voluent constamment et de plus en plus rapidement.<\/h2>\n<p><strong><br \/>\nDe nombreux dirigeants trouvent le changement prolifique et passionnant.<\/strong><\/p>\n<p>En m\u00eame temps, les changements dans la structure et la culture de l&rsquo;entreprise sont presque toujours synonymes d&rsquo;incertitude, voire de peur, pour les collaborateurs.<\/p>\n<p>Pour \u00e9viter que ces changements n&rsquo;entra\u00eenent frustration et r\u00e9signation et ne paralysent la productivit\u00e9, une communication ouverte et honn\u00eate est essentielle. La direction de l&rsquo;entreprise peut enthousiasmer ses collaborateurs pour l&rsquo;avenir et les emmener vers un futur passionnant.<\/p>\n<p>Mais le fait qu&rsquo;il faudrait aussi changer des structures \u00e9l\u00e9mentaires dans l&rsquo;entreprise pour qu&rsquo;un changement soit r\u00e9ussi est souvent ignor\u00e9.<br \/>\nLeurs comp\u00e9tences en tant que cadres sont donc d\u00e9cisives pour un large soutien des collaborateurs dans le processus de transformation et ils doivent r\u00e9ussir \u00e0 dissiper les craintes, \u00e0 motiver les collaborateurs \u00e0 regarder l&rsquo;avenir avec ouverture et curiosit\u00e9 et \u00e0 le fa\u00e7onner activement.<br \/>\nPour que cela r\u00e9ussisse dans la pratique, les comp\u00e9tences et l&rsquo;exp\u00e9rience ainsi que les caract\u00e9ristiques de la personnalit\u00e9 jouent un r\u00f4le important pour d\u00e9terminer si quelqu&rsquo;un est un bon manager.<\/p>\n<h2>Une bonne gestion d&rsquo;\u00e9quipe gr\u00e2ce au d\u00e9veloppement personnel<\/h2>\n<p>Mais une bonne gestion d&rsquo;\u00e9quipe et un bon leadership s&rsquo;apprennent et se d\u00e9veloppent aussi tr\u00e8s facilement. Il existe certaines techniques que chacun peut acqu\u00e9rir. Pour cela, il faut des formations et du coaching.<\/p>\n<p>En tant que coach d&rsquo;affaires, coach syst\u00e9mique et agile, <strong>Tom Hermann<\/strong> accompagne et renforce les cadres et les chefs d&rsquo;\u00e9quipe dans les entreprises.<\/p>\n<p>Lors de la soir\u00e9e th\u00e9matique, Tom parlera des \u00ab\u00a0vaches sacr\u00e9es\u00a0\u00bb et des raisons pour lesquelles les changements dans les entreprises ne d\u00e9passent pas la phase euphorique de d\u00e9marrage et fournissent des impulsions tangibles pour votre changement.<\/p>\n<p>La participation \u00e0 la soir\u00e9e th\u00e9matique est ouverte \u00e0 toutes les personnes int\u00e9ress\u00e9es. Vous pouvez vous inscrire via le lien ci-dessous :<\/p>\n<h5 class=\"btn btn-primary \"><a class=\"text-white\" style=\"font-size: 18px; text-decoration: none;\" href=\"https:\/\/united-business.lu\/fr\/inscription-26-01-2023\/\" target=\"_blank\" rel=\"noopener\"><strong>Formulaire d&rsquo;inscription<\/strong><\/a><\/h5>\n<p>La participation est gratuite pour les membres de l&rsquo;UBL (2 personnes par entreprise).<br \/>\nLes participants externes paient <strong>50 \u20ac<\/strong>. Des repas et des boissons sont pr\u00e9vus.<\/p>\n<p>&nbsp;<\/p>\n<p><strong>Le programme de la soir\u00e9e<\/strong><\/p>\n<p><strong>17:30<\/strong><br \/>\nAccueil<\/p>\n<p><strong>18:00<\/strong><br \/>\nD\u00e9but de la pr\u00e9sentation<\/p>\n<p><strong>19:00<\/strong><br \/>\nFin de la pr\u00e9sentation<br \/>\nQuestions &amp; r\u00e9ponses<\/p>\n<p><strong>19:30<\/strong><br \/>\nAp\u00e9ro &amp; Networking<\/p>\n<p><strong>22:30<\/strong><br \/>\nFin de l&rsquo;\u00e9v\u00e9nement<\/p>\n","protected":false},"excerpt":{"rendered":"<p>Les entreprises, les organisations et notre environnement \u00e9voluent constamment et de plus en plus rapidement. De nombreux dirigeants trouvent le changement prolifique et passionnant. En m\u00eame temps, les changements dans la structure et la culture de l&rsquo;entreprise sont presque toujours synonymes d&rsquo;incertitude, voire de peur, pour les collaborateurs. Pour \u00e9viter que ces changements n&rsquo;entra\u00eenent frustration [&hellip;]<\/p>\n","protected":false},"author":1,"featured_media":5558,"comment_status":"closed","ping_status":"closed","sticky":false,"template":"","format":"standard","meta":{"_acf_changed":false,"footnotes":""},"categories":[1],"tags":[],"class_list":["post-5478","post","type-post","status-publish","format-standard","has-post-thumbnail","hentry","category-evenements"],"acf":[],"yoast_head":"<!-- This site is optimized with the Yoast SEO plugin v27.5 - https:\/\/yoast.com\/product\/yoast-seo-wordpress\/ -->\n<title>Tom Hermann : Soir\u00e9e th\u00e9matique sur le leadership entre stabilit\u00e9 et changement - United Business Luxembourg<\/title>\n<meta name=\"robots\" content=\"index, follow, max-snippet:-1, max-image-preview:large, max-video-preview:-1\" \/>\n<link rel=\"canonical\" href=\"https:\/\/united-business.lu\/fr\/tom-herrmann-soiree-thematique-sur-le-leadership-entre-stabilite-et-changement\/\" \/>\n<meta property=\"og:locale\" content=\"fr_FR\" \/>\n<meta property=\"og:type\" content=\"article\" \/>\n<meta property=\"og:title\" content=\"Tom Hermann : Soir\u00e9e th\u00e9matique sur le leadership entre stabilit\u00e9 et changement - United Business Luxembourg\" \/>\n<meta property=\"og:description\" content=\"Les entreprises, les organisations et notre environnement \u00e9voluent constamment et de plus en plus rapidement. De nombreux dirigeants trouvent le changement prolifique et passionnant. En m\u00eame temps, les changements dans la structure et la culture de l&rsquo;entreprise sont presque toujours synonymes d&rsquo;incertitude, voire de peur, pour les collaborateurs. Pour \u00e9viter que ces changements n&rsquo;entra\u00eenent frustration [&hellip;]\" \/>\n<meta property=\"og:url\" content=\"https:\/\/united-business.lu\/fr\/tom-herrmann-soiree-thematique-sur-le-leadership-entre-stabilite-et-changement\/\" \/>\n<meta property=\"og:site_name\" content=\"United Business Luxembourg\" \/>\n<meta property=\"article:published_time\" content=\"2022-12-08T14:01:25+00:00\" \/>\n<meta property=\"article:modified_time\" content=\"2022-12-09T08:57:24+00:00\" \/>\n<meta property=\"og:image\" content=\"https:\/\/united-business.lu\/wp-content\/uploads\/2022\/12\/pexels-pixabay-161849-5.jpg\" \/>\n\t<meta property=\"og:image:width\" content=\"600\" \/>\n\t<meta property=\"og:image:height\" content=\"292\" \/>\n\t<meta property=\"og:image:type\" content=\"image\/jpeg\" \/>\n<meta name=\"author\" content=\"digvis\" \/>\n<meta name=\"twitter:card\" content=\"summary_large_image\" \/>\n<meta name=\"twitter:label1\" content=\"\u00c9crit par\" \/>\n\t<meta name=\"twitter:data1\" content=\"digvis\" \/>\n\t<meta name=\"twitter:label2\" content=\"Dur\u00e9e de lecture estim\u00e9e\" \/>\n\t<meta name=\"twitter:data2\" content=\"2 minutes\" \/>\n<script type=\"application\/ld+json\" class=\"yoast-schema-graph\">{\"@context\":\"https:\\\/\\\/schema.org\",\"@graph\":[{\"@type\":\"Article\",\"@id\":\"https:\\\/\\\/united-business.lu\\\/fr\\\/tom-herrmann-soiree-thematique-sur-le-leadership-entre-stabilite-et-changement\\\/#article\",\"isPartOf\":{\"@id\":\"https:\\\/\\\/united-business.lu\\\/fr\\\/tom-herrmann-soiree-thematique-sur-le-leadership-entre-stabilite-et-changement\\\/\"},\"author\":{\"name\":\"digvis\",\"@id\":\"https:\\\/\\\/united-business.lu\\\/#\\\/schema\\\/person\\\/9ec2c328c4b20d485d2b2c67bb810b50\"},\"headline\":\"Tom Hermann : Soir\u00e9e th\u00e9matique sur le leadership entre stabilit\u00e9 et changement\",\"datePublished\":\"2022-12-08T14:01:25+00:00\",\"dateModified\":\"2022-12-09T08:57:24+00:00\",\"mainEntityOfPage\":{\"@id\":\"https:\\\/\\\/united-business.lu\\\/fr\\\/tom-herrmann-soiree-thematique-sur-le-leadership-entre-stabilite-et-changement\\\/\"},\"wordCount\":415,\"image\":{\"@id\":\"https:\\\/\\\/united-business.lu\\\/fr\\\/tom-herrmann-soiree-thematique-sur-le-leadership-entre-stabilite-et-changement\\\/#primaryimage\"},\"thumbnailUrl\":\"https:\\\/\\\/united-business.lu\\\/wp-content\\\/uploads\\\/2022\\\/12\\\/pexels-pixabay-161849-5.jpg\",\"articleSection\":[\"Ev\u00e8nements\"],\"inLanguage\":\"fr-FR\"},{\"@type\":\"WebPage\",\"@id\":\"https:\\\/\\\/united-business.lu\\\/fr\\\/tom-herrmann-soiree-thematique-sur-le-leadership-entre-stabilite-et-changement\\\/\",\"url\":\"https:\\\/\\\/united-business.lu\\\/fr\\\/tom-herrmann-soiree-thematique-sur-le-leadership-entre-stabilite-et-changement\\\/\",\"name\":\"Tom Hermann : Soir\u00e9e th\u00e9matique sur le leadership entre stabilit\u00e9 et changement - United Business Luxembourg\",\"isPartOf\":{\"@id\":\"https:\\\/\\\/united-business.lu\\\/#website\"},\"primaryImageOfPage\":{\"@id\":\"https:\\\/\\\/united-business.lu\\\/fr\\\/tom-herrmann-soiree-thematique-sur-le-leadership-entre-stabilite-et-changement\\\/#primaryimage\"},\"image\":{\"@id\":\"https:\\\/\\\/united-business.lu\\\/fr\\\/tom-herrmann-soiree-thematique-sur-le-leadership-entre-stabilite-et-changement\\\/#primaryimage\"},\"thumbnailUrl\":\"https:\\\/\\\/united-business.lu\\\/wp-content\\\/uploads\\\/2022\\\/12\\\/pexels-pixabay-161849-5.jpg\",\"datePublished\":\"2022-12-08T14:01:25+00:00\",\"dateModified\":\"2022-12-09T08:57:24+00:00\",\"author\":{\"@id\":\"https:\\\/\\\/united-business.lu\\\/#\\\/schema\\\/person\\\/9ec2c328c4b20d485d2b2c67bb810b50\"},\"breadcrumb\":{\"@id\":\"https:\\\/\\\/united-business.lu\\\/fr\\\/tom-herrmann-soiree-thematique-sur-le-leadership-entre-stabilite-et-changement\\\/#breadcrumb\"},\"inLanguage\":\"fr-FR\",\"potentialAction\":[{\"@type\":\"ReadAction\",\"target\":[\"https:\\\/\\\/united-business.lu\\\/fr\\\/tom-herrmann-soiree-thematique-sur-le-leadership-entre-stabilite-et-changement\\\/\"]}]},{\"@type\":\"ImageObject\",\"inLanguage\":\"fr-FR\",\"@id\":\"https:\\\/\\\/united-business.lu\\\/fr\\\/tom-herrmann-soiree-thematique-sur-le-leadership-entre-stabilite-et-changement\\\/#primaryimage\",\"url\":\"https:\\\/\\\/united-business.lu\\\/wp-content\\\/uploads\\\/2022\\\/12\\\/pexels-pixabay-161849-5.jpg\",\"contentUrl\":\"https:\\\/\\\/united-business.lu\\\/wp-content\\\/uploads\\\/2022\\\/12\\\/pexels-pixabay-161849-5.jpg\",\"width\":600,\"height\":292},{\"@type\":\"BreadcrumbList\",\"@id\":\"https:\\\/\\\/united-business.lu\\\/fr\\\/tom-herrmann-soiree-thematique-sur-le-leadership-entre-stabilite-et-changement\\\/#breadcrumb\",\"itemListElement\":[{\"@type\":\"ListItem\",\"position\":1,\"name\":\"Home\",\"item\":\"https:\\\/\\\/united-business.lu\\\/fr\\\/\"},{\"@type\":\"ListItem\",\"position\":2,\"name\":\"Tom Hermann : Soir\u00e9e th\u00e9matique sur le leadership entre stabilit\u00e9 et changement\"}]},{\"@type\":\"WebSite\",\"@id\":\"https:\\\/\\\/united-business.lu\\\/#website\",\"url\":\"https:\\\/\\\/united-business.lu\\\/\",\"name\":\"United Business Luxembourg\",\"description\":\"Get together for better business\",\"potentialAction\":[{\"@type\":\"SearchAction\",\"target\":{\"@type\":\"EntryPoint\",\"urlTemplate\":\"https:\\\/\\\/united-business.lu\\\/?s={search_term_string}\"},\"query-input\":{\"@type\":\"PropertyValueSpecification\",\"valueRequired\":true,\"valueName\":\"search_term_string\"}}],\"inLanguage\":\"fr-FR\"},{\"@type\":\"Person\",\"@id\":\"https:\\\/\\\/united-business.lu\\\/#\\\/schema\\\/person\\\/9ec2c328c4b20d485d2b2c67bb810b50\",\"name\":\"digvis\",\"image\":{\"@type\":\"ImageObject\",\"inLanguage\":\"fr-FR\",\"@id\":\"https:\\\/\\\/secure.gravatar.com\\\/avatar\\\/2c46051deb97a40a8fb341b522acb63fdbcd6ca350a2c90501d6921f71cd542a?s=96&d=mm&r=g\",\"url\":\"https:\\\/\\\/secure.gravatar.com\\\/avatar\\\/2c46051deb97a40a8fb341b522acb63fdbcd6ca350a2c90501d6921f71cd542a?s=96&d=mm&r=g\",\"contentUrl\":\"https:\\\/\\\/secure.gravatar.com\\\/avatar\\\/2c46051deb97a40a8fb341b522acb63fdbcd6ca350a2c90501d6921f71cd542a?s=96&d=mm&r=g\",\"caption\":\"digvis\"},\"sameAs\":[\"http:\\\/\\\/ubl.local\"],\"url\":\"https:\\\/\\\/united-business.lu\\\/fr\\\/author\\\/digvis\\\/\"}]}<\/script>\n<!-- \/ Yoast SEO plugin. -->","yoast_head_json":{"title":"Tom Hermann : Soir\u00e9e th\u00e9matique sur le leadership entre stabilit\u00e9 et changement - United Business Luxembourg","robots":{"index":"index","follow":"follow","max-snippet":"max-snippet:-1","max-image-preview":"max-image-preview:large","max-video-preview":"max-video-preview:-1"},"canonical":"https:\/\/united-business.lu\/fr\/tom-herrmann-soiree-thematique-sur-le-leadership-entre-stabilite-et-changement\/","og_locale":"fr_FR","og_type":"article","og_title":"Tom Hermann : Soir\u00e9e th\u00e9matique sur le leadership entre stabilit\u00e9 et changement - United Business Luxembourg","og_description":"Les entreprises, les organisations et notre environnement \u00e9voluent constamment et de plus en plus rapidement. De nombreux dirigeants trouvent le changement prolifique et passionnant. En m\u00eame temps, les changements dans la structure et la culture de l&rsquo;entreprise sont presque toujours synonymes d&rsquo;incertitude, voire de peur, pour les collaborateurs. Pour \u00e9viter que ces changements n&rsquo;entra\u00eenent frustration [&hellip;]","og_url":"https:\/\/united-business.lu\/fr\/tom-herrmann-soiree-thematique-sur-le-leadership-entre-stabilite-et-changement\/","og_site_name":"United Business Luxembourg","article_published_time":"2022-12-08T14:01:25+00:00","article_modified_time":"2022-12-09T08:57:24+00:00","og_image":[{"width":600,"height":292,"url":"https:\/\/united-business.lu\/wp-content\/uploads\/2022\/12\/pexels-pixabay-161849-5.jpg","type":"image\/jpeg"}],"author":"digvis","twitter_card":"summary_large_image","twitter_misc":{"\u00c9crit par":"digvis","Dur\u00e9e de lecture estim\u00e9e":"2 minutes"},"schema":{"@context":"https:\/\/schema.org","@graph":[{"@type":"Article","@id":"https:\/\/united-business.lu\/fr\/tom-herrmann-soiree-thematique-sur-le-leadership-entre-stabilite-et-changement\/#article","isPartOf":{"@id":"https:\/\/united-business.lu\/fr\/tom-herrmann-soiree-thematique-sur-le-leadership-entre-stabilite-et-changement\/"},"author":{"name":"digvis","@id":"https:\/\/united-business.lu\/#\/schema\/person\/9ec2c328c4b20d485d2b2c67bb810b50"},"headline":"Tom Hermann : Soir\u00e9e th\u00e9matique sur le leadership entre stabilit\u00e9 et changement","datePublished":"2022-12-08T14:01:25+00:00","dateModified":"2022-12-09T08:57:24+00:00","mainEntityOfPage":{"@id":"https:\/\/united-business.lu\/fr\/tom-herrmann-soiree-thematique-sur-le-leadership-entre-stabilite-et-changement\/"},"wordCount":415,"image":{"@id":"https:\/\/united-business.lu\/fr\/tom-herrmann-soiree-thematique-sur-le-leadership-entre-stabilite-et-changement\/#primaryimage"},"thumbnailUrl":"https:\/\/united-business.lu\/wp-content\/uploads\/2022\/12\/pexels-pixabay-161849-5.jpg","articleSection":["Ev\u00e8nements"],"inLanguage":"fr-FR"},{"@type":"WebPage","@id":"https:\/\/united-business.lu\/fr\/tom-herrmann-soiree-thematique-sur-le-leadership-entre-stabilite-et-changement\/","url":"https:\/\/united-business.lu\/fr\/tom-herrmann-soiree-thematique-sur-le-leadership-entre-stabilite-et-changement\/","name":"Tom Hermann : Soir\u00e9e th\u00e9matique sur le leadership entre stabilit\u00e9 et changement - United Business Luxembourg","isPartOf":{"@id":"https:\/\/united-business.lu\/#website"},"primaryImageOfPage":{"@id":"https:\/\/united-business.lu\/fr\/tom-herrmann-soiree-thematique-sur-le-leadership-entre-stabilite-et-changement\/#primaryimage"},"image":{"@id":"https:\/\/united-business.lu\/fr\/tom-herrmann-soiree-thematique-sur-le-leadership-entre-stabilite-et-changement\/#primaryimage"},"thumbnailUrl":"https:\/\/united-business.lu\/wp-content\/uploads\/2022\/12\/pexels-pixabay-161849-5.jpg","datePublished":"2022-12-08T14:01:25+00:00","dateModified":"2022-12-09T08:57:24+00:00","author":{"@id":"https:\/\/united-business.lu\/#\/schema\/person\/9ec2c328c4b20d485d2b2c67bb810b50"},"breadcrumb":{"@id":"https:\/\/united-business.lu\/fr\/tom-herrmann-soiree-thematique-sur-le-leadership-entre-stabilite-et-changement\/#breadcrumb"},"inLanguage":"fr-FR","potentialAction":[{"@type":"ReadAction","target":["https:\/\/united-business.lu\/fr\/tom-herrmann-soiree-thematique-sur-le-leadership-entre-stabilite-et-changement\/"]}]},{"@type":"ImageObject","inLanguage":"fr-FR","@id":"https:\/\/united-business.lu\/fr\/tom-herrmann-soiree-thematique-sur-le-leadership-entre-stabilite-et-changement\/#primaryimage","url":"https:\/\/united-business.lu\/wp-content\/uploads\/2022\/12\/pexels-pixabay-161849-5.jpg","contentUrl":"https:\/\/united-business.lu\/wp-content\/uploads\/2022\/12\/pexels-pixabay-161849-5.jpg","width":600,"height":292},{"@type":"BreadcrumbList","@id":"https:\/\/united-business.lu\/fr\/tom-herrmann-soiree-thematique-sur-le-leadership-entre-stabilite-et-changement\/#breadcrumb","itemListElement":[{"@type":"ListItem","position":1,"name":"Home","item":"https:\/\/united-business.lu\/fr\/"},{"@type":"ListItem","position":2,"name":"Tom Hermann : Soir\u00e9e th\u00e9matique sur le leadership entre stabilit\u00e9 et changement"}]},{"@type":"WebSite","@id":"https:\/\/united-business.lu\/#website","url":"https:\/\/united-business.lu\/","name":"United Business Luxembourg","description":"Get together for better business","potentialAction":[{"@type":"SearchAction","target":{"@type":"EntryPoint","urlTemplate":"https:\/\/united-business.lu\/?s={search_term_string}"},"query-input":{"@type":"PropertyValueSpecification","valueRequired":true,"valueName":"search_term_string"}}],"inLanguage":"fr-FR"},{"@type":"Person","@id":"https:\/\/united-business.lu\/#\/schema\/person\/9ec2c328c4b20d485d2b2c67bb810b50","name":"digvis","image":{"@type":"ImageObject","inLanguage":"fr-FR","@id":"https:\/\/secure.gravatar.com\/avatar\/2c46051deb97a40a8fb341b522acb63fdbcd6ca350a2c90501d6921f71cd542a?s=96&d=mm&r=g","url":"https:\/\/secure.gravatar.com\/avatar\/2c46051deb97a40a8fb341b522acb63fdbcd6ca350a2c90501d6921f71cd542a?s=96&d=mm&r=g","contentUrl":"https:\/\/secure.gravatar.com\/avatar\/2c46051deb97a40a8fb341b522acb63fdbcd6ca350a2c90501d6921f71cd542a?s=96&d=mm&r=g","caption":"digvis"},"sameAs":["http:\/\/ubl.local"],"url":"https:\/\/united-business.lu\/fr\/author\/digvis\/"}]}},"_links":{"self":[{"href":"https:\/\/united-business.lu\/fr\/wp-json\/wp\/v2\/posts\/5478","targetHints":{"allow":["GET"]}}],"collection":[{"href":"https:\/\/united-business.lu\/fr\/wp-json\/wp\/v2\/posts"}],"about":[{"href":"https:\/\/united-business.lu\/fr\/wp-json\/wp\/v2\/types\/post"}],"author":[{"embeddable":true,"href":"https:\/\/united-business.lu\/fr\/wp-json\/wp\/v2\/users\/1"}],"replies":[{"embeddable":true,"href":"https:\/\/united-business.lu\/fr\/wp-json\/wp\/v2\/comments?post=5478"}],"version-history":[{"count":9,"href":"https:\/\/united-business.lu\/fr\/wp-json\/wp\/v2\/posts\/5478\/revisions"}],"predecessor-version":[{"id":5569,"href":"https:\/\/united-business.lu\/fr\/wp-json\/wp\/v2\/posts\/5478\/revisions\/5569"}],"wp:featuredmedia":[{"embeddable":true,"href":"https:\/\/united-business.lu\/fr\/wp-json\/wp\/v2\/media\/5558"}],"wp:attachment":[{"href":"https:\/\/united-business.lu\/fr\/wp-json\/wp\/v2\/media?parent=5478"}],"wp:term":[{"taxonomy":"category","embeddable":true,"href":"https:\/\/united-business.lu\/fr\/wp-json\/wp\/v2\/categories?post=5478"},{"taxonomy":"post_tag","embeddable":true,"href":"https:\/\/united-business.lu\/fr\/wp-json\/wp\/v2\/tags?post=5478"}],"curies":[{"name":"wp","href":"https:\/\/api.w.org\/{rel}","templated":true}]}}