{"id":1602,"date":"2022-09-19T12:27:01","date_gmt":"2022-09-19T11:27:01","guid":{"rendered":"https:\/\/united-business.lu\/?p=1602"},"modified":"2022-12-08T14:21:17","modified_gmt":"2022-12-08T13:21:17","slug":"leadership-programme-de-formation-info","status":"publish","type":"post","link":"https:\/\/united-business.lu\/fr\/leadership-programme-de-formation-info\/","title":{"rendered":"Leadership Programme de formation"},"content":{"rendered":"<h2>Avoir un impact plus important gr\u00e2ce \u00e0 d&rsquo;excellentes capacit\u00e9s de leadership<\/h2>\n<p>&nbsp;<\/p>\n<p><strong>L&rsquo;objectif g\u00e9n\u00e9ral de ce programme de formation est de familiariser les managers avec les concepts et les techniques les plus pertinents et les plus r\u00e9cents en mati\u00e8re de leadership efficient, tant sur le plan th\u00e9orique que pratique.<\/strong><\/p>\n<p><strong>\u00a0<\/strong><\/p>\n<p><strong>Groupes cibles<br \/>\n<\/strong><\/p>\n<ul>\n<li>Managers et futurs managers d&rsquo;entreprises priv\u00e9es et d&rsquo;institutions publiques<\/li>\n<li>Collaborateurs ayant des responsabilit\u00e9s de gestion d&rsquo;\u00e9quipes<\/li>\n<li>Responsables de d\u00e9partement<\/li>\n<li>Gestionnaires de projets<\/li>\n<li>Niveaux 6-7 du cadre europ\u00e9en des certifications<\/li>\n<\/ul>\n<p>&nbsp;<\/p>\n<p><strong>Objectifs sp\u00e9cifiques<\/strong><\/p>\n<ul>\n<li>Acquisition de connaissances et de comp\u00e9tences sur les diff\u00e9rents th\u00e8mes du leadership.<\/li>\n<li>Mise en pratique de ces connaissances et comp\u00e9tences dans des situations pratiques.<\/li>\n<li>Pr\u00e9paration et r\u00e9alisation d&rsquo;un projet strat\u00e9gique personnel.<\/li>\n<li>D\u00e9veloppement d&rsquo;une attitude autor\u00e9flexive<\/li>\n<li>Apprentissage d&rsquo;une approche syst\u00e9mique<\/li>\n<\/ul>\n<h4><\/h4>\n<p>&nbsp;<\/p>\n<h4><strong>Le prix est 299\u20ac (hors TVA) par jour et par personne.<br \/>\n<\/strong><\/h4>\n<p><strong>Un maximum de 12 inscriptions est possible par s\u00e9minaire !<\/strong><br \/>\nUne fois l&rsquo;inscription valid\u00e9e, vous recevrez une facture avec le montant total.<br \/>\nLe prix comprend le d\u00e9jeuner, la restauration dans la salle de s\u00e9minaire et une documentation d&rsquo;une valeur de 50\u20ac.<\/p>\n<h5 class=\"btn btn-primary \"><a class=\"text-white\" style=\"font-size: 18px; text-decoration: none;\" href=\"https:\/\/united-business.lu\/fr\/leadership-programme-de-formation\/\" target=\"_blank\" rel=\"noopener\"><strong>VERS L&rsquo;INSCRIPTION<\/strong><\/a><\/h5>\n<p>&nbsp;<\/p>\n<h4><strong>Date<br \/>\n<\/strong><\/h4>\n<ul>\n<li>18, 19 et 20 Janvier 2023 <strong>(DE)<\/strong><\/li>\n<\/ul>\n<p>&nbsp;<\/p>\n<h4><\/h4>\n<h4><strong>Lieu de l&rsquo;\u00e9v\u00e9nement<br \/>\n<\/strong><\/h4>\n<p><strong>Conference &amp; Event Center<br \/>\nMassen S.A.<\/strong><br \/>\nOp der Haart, 24<br \/>\nL-9999 Wemperhardt<\/p>\n<h4><\/h4>\n<p>&nbsp;<\/p>\n<p>&nbsp;<\/p>\n<h4><strong>Plus d&rsquo;informations<br \/>\n<\/strong><\/h4>\n<p><strong>Restauration<\/strong><br \/>\n<em>Repas de midi inclus<br \/>\n<\/em><\/p>\n<p><strong>Documentation<\/strong><br \/>\nest mise \u00e0 disposition<\/p>\n<p><strong>Langue<\/strong><br \/>\nAllemand<\/p>\n<p>&nbsp;<\/p>\n<p>&nbsp;<\/p>\n<h2>Programme<\/h2>\n<p>&nbsp;<\/p>\n<h3><\/h3>\n<h4>Jour 1<\/h4>\n<p><strong>09.00-10.30:<br \/>\n<\/strong><strong>M\u00e9taplan\/Discussion de Groupe sur le th\u00e8me du Leadership<\/strong><\/p>\n<p><strong>10.45-12.15:<br \/>\n<\/strong><b>Exploitation du M\u00e9taplan\/Discussion de groupe<\/b><\/p>\n<p><strong>12.30-14.00:<br \/>\n<b>D\u00e9jeuner et Pr\u00e9sentation lu long m\u00e9trage <\/b><br \/>\n<\/strong>\u00ab\u00a0Crimson Tide &#8211; Au Plus Profond du Danger\u00a0\u00bb<\/p>\n<p><strong>14.30-15.30:<br \/>\n<\/strong><b>Exploitation du Film<\/b><\/p>\n<p><strong>15.30-16.00:<br \/>\n<\/strong><b>D\u00e9finition du Leadership<\/b><\/p>\n<p>&nbsp;<\/p>\n<h4>Jour 2<\/h4>\n<p><strong>09.00-10.30:<br \/>\n<b>Caract\u00e9risation de leaders connus <\/b><br \/>\n<\/strong>de l&rsquo;histoire, de la politique, de l&rsquo;\u00e9conomie, du sport, &#8230; ; leadership toxique<\/p>\n<p><strong>10.45-12.15:<br \/>\n<b>Br\u00e8ve introduction aux th\u00e9ories classiques du leadership,<\/b><br \/>\n<\/strong>caract\u00e9ristiques, th\u00e9ories du comportement, de la situation, de la transformation<\/p>\n<p><strong>13.00-14.30:<br \/>\n<b>Comp\u00e9tences de leadership partie 1:\u00a0 <\/b><br \/>\n<\/strong>strat\u00e9gie, dynamique de groupe, &#8230;<\/p>\n<p><strong>14.45-16.00:<br \/>\n<b>Comp\u00e9tences de leadership partie 2: <\/b><br \/>\n<\/strong>motivation, communication, d\u00e9l\u00e9gation, &#8230;<\/p>\n<p>&nbsp;<\/p>\n<h4>Jour 3<\/h4>\n<p><strong>09.00-10.30:<br \/>\n<b>Travail de groupe<\/b><br \/>\n<\/strong>caract\u00e9ristiques d&rsquo;un leader efficient<\/p>\n<p><strong>10.45-12.15:<br \/>\n<\/strong><b>Pr\u00e9sentation des r\u00e9sultats<\/b><\/p>\n<p><strong>13.00-14.30:<br \/>\n<\/strong><b>\u00c9laboration d&rsquo;un plan strat\u00e9gique individuel <\/b><\/p>\n<p><strong>14.45-16.00:<br \/>\n<\/strong><b>Conclusions<\/b><\/p>\n<p>&nbsp;<\/p>\n<p>&nbsp;<\/p>\n<h4><strong>Formateur<\/strong><\/h4>\n<p><strong>Centre de Comp\u00e9tences &#8211; Digitaalt Handwierk<\/strong><\/p>\n<p>Prof. Dr. Marc Ant, administrateur-d\u00e9l\u00e9gu\u00e9<br \/>\n+352 621 29 16 04<\/p>\n<p>448, ZAE Wolser F<br \/>\nL-3290 Bettembourg<\/p>\n<p><a href=\"http:\/\/www.cdc-gtb.lu\">www.cdc-gtb.lu<\/a><br \/>\n<a href=\"http:\/\/www.cdc-par.lu\">www.cdc-par.lu<\/a><\/p>\n<p>marc.ant@cdc-gtb.lu<br \/>\nmarc.ant@cdc-par.lu<\/p>\n<p>&nbsp;<\/p>\n<div class=\"col-md-12 d-flex flex-column flex-md-row justify-content-md-center justify-content-md-between align-items-center p-4 p-md-5 card\"><span class=\"h3 p-0 pb-4 pb-md-0 col-md-7\">Plus d\u2019informations dans notre document pdf :<\/span><a class=\"col-md-4 btn btn-primary\" style=\"font-size: 16px; height: fit-content;\" href=\"https:\/\/united-business.lu\/wp-content\/uploads\/2022\/05\/Leadership-Programm-FR.pdf\" target=\"_blank\" rel=\"noopener\">T\u00e9l\u00e9charger le programme<\/a><\/div>\n","protected":false},"excerpt":{"rendered":"<p>Avoir un impact plus important gr\u00e2ce \u00e0 d&rsquo;excellentes capacit\u00e9s de leadership &nbsp; L&rsquo;objectif g\u00e9n\u00e9ral de ce programme de formation est de familiariser les managers avec les concepts et les techniques les plus pertinents et les plus r\u00e9cents en mati\u00e8re de leadership efficient, tant sur le plan th\u00e9orique que pratique. \u00a0 Groupes cibles Managers et futurs [&hellip;]<\/p>\n","protected":false},"author":1,"featured_media":1626,"comment_status":"closed","ping_status":"closed","sticky":false,"template":"","format":"standard","meta":{"_acf_changed":false,"footnotes":""},"categories":[1],"tags":[],"class_list":["post-1602","post","type-post","status-publish","format-standard","has-post-thumbnail","hentry","category-evenements"],"acf":[],"yoast_head":"<!-- This site is optimized with the Yoast SEO plugin v27.5 - https:\/\/yoast.com\/product\/yoast-seo-wordpress\/ -->\n<title>Leadership Programme de formation - United Business Luxembourg<\/title>\n<meta name=\"robots\" content=\"index, follow, max-snippet:-1, max-image-preview:large, max-video-preview:-1\" \/>\n<link rel=\"canonical\" href=\"https:\/\/united-business.lu\/fr\/leadership-programme-de-formation-info\/\" \/>\n<meta property=\"og:locale\" content=\"fr_FR\" \/>\n<meta property=\"og:type\" content=\"article\" \/>\n<meta property=\"og:title\" content=\"Leadership Programme de formation - United Business Luxembourg\" \/>\n<meta property=\"og:description\" content=\"Avoir un impact plus important gr\u00e2ce \u00e0 d&rsquo;excellentes capacit\u00e9s de leadership &nbsp; L&rsquo;objectif g\u00e9n\u00e9ral de ce programme de formation est de familiariser les managers avec les concepts et les techniques les plus pertinents et les plus r\u00e9cents en mati\u00e8re de leadership efficient, tant sur le plan th\u00e9orique que pratique. \u00a0 Groupes cibles Managers et futurs [&hellip;]\" \/>\n<meta property=\"og:url\" content=\"https:\/\/united-business.lu\/fr\/leadership-programme-de-formation-info\/\" \/>\n<meta property=\"og:site_name\" content=\"United Business Luxembourg\" \/>\n<meta property=\"article:published_time\" content=\"2022-09-19T11:27:01+00:00\" \/>\n<meta property=\"article:modified_time\" content=\"2022-12-08T13:21:17+00:00\" \/>\n<meta property=\"og:image\" content=\"https:\/\/united-business.lu\/wp-content\/uploads\/2022\/05\/Picture1-1024x998.png\" \/>\n\t<meta property=\"og:image:width\" content=\"1024\" \/>\n\t<meta property=\"og:image:height\" content=\"998\" \/>\n\t<meta property=\"og:image:type\" content=\"image\/png\" \/>\n<meta name=\"author\" content=\"digvis\" \/>\n<meta name=\"twitter:card\" content=\"summary_large_image\" \/>\n<meta name=\"twitter:label1\" content=\"\u00c9crit par\" \/>\n\t<meta name=\"twitter:data1\" content=\"digvis\" \/>\n\t<meta name=\"twitter:label2\" content=\"Dur\u00e9e de lecture estim\u00e9e\" \/>\n\t<meta name=\"twitter:data2\" content=\"2 minutes\" \/>\n<script type=\"application\/ld+json\" class=\"yoast-schema-graph\">{\"@context\":\"https:\\\/\\\/schema.org\",\"@graph\":[{\"@type\":\"Article\",\"@id\":\"https:\\\/\\\/united-business.lu\\\/fr\\\/leadership-programme-de-formation-info\\\/#article\",\"isPartOf\":{\"@id\":\"https:\\\/\\\/united-business.lu\\\/fr\\\/leadership-programme-de-formation-info\\\/\"},\"author\":{\"name\":\"digvis\",\"@id\":\"https:\\\/\\\/united-business.lu\\\/#\\\/schema\\\/person\\\/9ec2c328c4b20d485d2b2c67bb810b50\"},\"headline\":\"Leadership Programme de formation\",\"datePublished\":\"2022-09-19T11:27:01+00:00\",\"dateModified\":\"2022-12-08T13:21:17+00:00\",\"mainEntityOfPage\":{\"@id\":\"https:\\\/\\\/united-business.lu\\\/fr\\\/leadership-programme-de-formation-info\\\/\"},\"wordCount\":446,\"image\":{\"@id\":\"https:\\\/\\\/united-business.lu\\\/fr\\\/leadership-programme-de-formation-info\\\/#primaryimage\"},\"thumbnailUrl\":\"https:\\\/\\\/united-business.lu\\\/wp-content\\\/uploads\\\/2022\\\/05\\\/Picture1.png\",\"articleSection\":[\"Ev\u00e8nements\"],\"inLanguage\":\"fr-FR\"},{\"@type\":\"WebPage\",\"@id\":\"https:\\\/\\\/united-business.lu\\\/fr\\\/leadership-programme-de-formation-info\\\/\",\"url\":\"https:\\\/\\\/united-business.lu\\\/fr\\\/leadership-programme-de-formation-info\\\/\",\"name\":\"Leadership Programme de formation - United Business Luxembourg\",\"isPartOf\":{\"@id\":\"https:\\\/\\\/united-business.lu\\\/#website\"},\"primaryImageOfPage\":{\"@id\":\"https:\\\/\\\/united-business.lu\\\/fr\\\/leadership-programme-de-formation-info\\\/#primaryimage\"},\"image\":{\"@id\":\"https:\\\/\\\/united-business.lu\\\/fr\\\/leadership-programme-de-formation-info\\\/#primaryimage\"},\"thumbnailUrl\":\"https:\\\/\\\/united-business.lu\\\/wp-content\\\/uploads\\\/2022\\\/05\\\/Picture1.png\",\"datePublished\":\"2022-09-19T11:27:01+00:00\",\"dateModified\":\"2022-12-08T13:21:17+00:00\",\"author\":{\"@id\":\"https:\\\/\\\/united-business.lu\\\/#\\\/schema\\\/person\\\/9ec2c328c4b20d485d2b2c67bb810b50\"},\"breadcrumb\":{\"@id\":\"https:\\\/\\\/united-business.lu\\\/fr\\\/leadership-programme-de-formation-info\\\/#breadcrumb\"},\"inLanguage\":\"fr-FR\",\"potentialAction\":[{\"@type\":\"ReadAction\",\"target\":[\"https:\\\/\\\/united-business.lu\\\/fr\\\/leadership-programme-de-formation-info\\\/\"]}]},{\"@type\":\"ImageObject\",\"inLanguage\":\"fr-FR\",\"@id\":\"https:\\\/\\\/united-business.lu\\\/fr\\\/leadership-programme-de-formation-info\\\/#primaryimage\",\"url\":\"https:\\\/\\\/united-business.lu\\\/wp-content\\\/uploads\\\/2022\\\/05\\\/Picture1.png\",\"contentUrl\":\"https:\\\/\\\/united-business.lu\\\/wp-content\\\/uploads\\\/2022\\\/05\\\/Picture1.png\",\"width\":1190,\"height\":1160},{\"@type\":\"BreadcrumbList\",\"@id\":\"https:\\\/\\\/united-business.lu\\\/fr\\\/leadership-programme-de-formation-info\\\/#breadcrumb\",\"itemListElement\":[{\"@type\":\"ListItem\",\"position\":1,\"name\":\"Home\",\"item\":\"https:\\\/\\\/united-business.lu\\\/fr\\\/\"},{\"@type\":\"ListItem\",\"position\":2,\"name\":\"Leadership Programme de formation\"}]},{\"@type\":\"WebSite\",\"@id\":\"https:\\\/\\\/united-business.lu\\\/#website\",\"url\":\"https:\\\/\\\/united-business.lu\\\/\",\"name\":\"United Business Luxembourg\",\"description\":\"Get together for better business\",\"potentialAction\":[{\"@type\":\"SearchAction\",\"target\":{\"@type\":\"EntryPoint\",\"urlTemplate\":\"https:\\\/\\\/united-business.lu\\\/?s={search_term_string}\"},\"query-input\":{\"@type\":\"PropertyValueSpecification\",\"valueRequired\":true,\"valueName\":\"search_term_string\"}}],\"inLanguage\":\"fr-FR\"},{\"@type\":\"Person\",\"@id\":\"https:\\\/\\\/united-business.lu\\\/#\\\/schema\\\/person\\\/9ec2c328c4b20d485d2b2c67bb810b50\",\"name\":\"digvis\",\"image\":{\"@type\":\"ImageObject\",\"inLanguage\":\"fr-FR\",\"@id\":\"https:\\\/\\\/secure.gravatar.com\\\/avatar\\\/2c46051deb97a40a8fb341b522acb63fdbcd6ca350a2c90501d6921f71cd542a?s=96&d=mm&r=g\",\"url\":\"https:\\\/\\\/secure.gravatar.com\\\/avatar\\\/2c46051deb97a40a8fb341b522acb63fdbcd6ca350a2c90501d6921f71cd542a?s=96&d=mm&r=g\",\"contentUrl\":\"https:\\\/\\\/secure.gravatar.com\\\/avatar\\\/2c46051deb97a40a8fb341b522acb63fdbcd6ca350a2c90501d6921f71cd542a?s=96&d=mm&r=g\",\"caption\":\"digvis\"},\"sameAs\":[\"http:\\\/\\\/ubl.local\"],\"url\":\"https:\\\/\\\/united-business.lu\\\/fr\\\/author\\\/digvis\\\/\"}]}<\/script>\n<!-- \/ Yoast SEO plugin. -->","yoast_head_json":{"title":"Leadership Programme de formation - United Business Luxembourg","robots":{"index":"index","follow":"follow","max-snippet":"max-snippet:-1","max-image-preview":"max-image-preview:large","max-video-preview":"max-video-preview:-1"},"canonical":"https:\/\/united-business.lu\/fr\/leadership-programme-de-formation-info\/","og_locale":"fr_FR","og_type":"article","og_title":"Leadership Programme de formation - United Business Luxembourg","og_description":"Avoir un impact plus important gr\u00e2ce \u00e0 d&rsquo;excellentes capacit\u00e9s de leadership &nbsp; L&rsquo;objectif g\u00e9n\u00e9ral de ce programme de formation est de familiariser les managers avec les concepts et les techniques les plus pertinents et les plus r\u00e9cents en mati\u00e8re de leadership efficient, tant sur le plan th\u00e9orique que pratique. \u00a0 Groupes cibles Managers et futurs [&hellip;]","og_url":"https:\/\/united-business.lu\/fr\/leadership-programme-de-formation-info\/","og_site_name":"United Business Luxembourg","article_published_time":"2022-09-19T11:27:01+00:00","article_modified_time":"2022-12-08T13:21:17+00:00","og_image":[{"width":1024,"height":998,"url":"https:\/\/united-business.lu\/wp-content\/uploads\/2022\/05\/Picture1-1024x998.png","type":"image\/png"}],"author":"digvis","twitter_card":"summary_large_image","twitter_misc":{"\u00c9crit par":"digvis","Dur\u00e9e de lecture estim\u00e9e":"2 minutes"},"schema":{"@context":"https:\/\/schema.org","@graph":[{"@type":"Article","@id":"https:\/\/united-business.lu\/fr\/leadership-programme-de-formation-info\/#article","isPartOf":{"@id":"https:\/\/united-business.lu\/fr\/leadership-programme-de-formation-info\/"},"author":{"name":"digvis","@id":"https:\/\/united-business.lu\/#\/schema\/person\/9ec2c328c4b20d485d2b2c67bb810b50"},"headline":"Leadership Programme de formation","datePublished":"2022-09-19T11:27:01+00:00","dateModified":"2022-12-08T13:21:17+00:00","mainEntityOfPage":{"@id":"https:\/\/united-business.lu\/fr\/leadership-programme-de-formation-info\/"},"wordCount":446,"image":{"@id":"https:\/\/united-business.lu\/fr\/leadership-programme-de-formation-info\/#primaryimage"},"thumbnailUrl":"https:\/\/united-business.lu\/wp-content\/uploads\/2022\/05\/Picture1.png","articleSection":["Ev\u00e8nements"],"inLanguage":"fr-FR"},{"@type":"WebPage","@id":"https:\/\/united-business.lu\/fr\/leadership-programme-de-formation-info\/","url":"https:\/\/united-business.lu\/fr\/leadership-programme-de-formation-info\/","name":"Leadership Programme de formation - United Business Luxembourg","isPartOf":{"@id":"https:\/\/united-business.lu\/#website"},"primaryImageOfPage":{"@id":"https:\/\/united-business.lu\/fr\/leadership-programme-de-formation-info\/#primaryimage"},"image":{"@id":"https:\/\/united-business.lu\/fr\/leadership-programme-de-formation-info\/#primaryimage"},"thumbnailUrl":"https:\/\/united-business.lu\/wp-content\/uploads\/2022\/05\/Picture1.png","datePublished":"2022-09-19T11:27:01+00:00","dateModified":"2022-12-08T13:21:17+00:00","author":{"@id":"https:\/\/united-business.lu\/#\/schema\/person\/9ec2c328c4b20d485d2b2c67bb810b50"},"breadcrumb":{"@id":"https:\/\/united-business.lu\/fr\/leadership-programme-de-formation-info\/#breadcrumb"},"inLanguage":"fr-FR","potentialAction":[{"@type":"ReadAction","target":["https:\/\/united-business.lu\/fr\/leadership-programme-de-formation-info\/"]}]},{"@type":"ImageObject","inLanguage":"fr-FR","@id":"https:\/\/united-business.lu\/fr\/leadership-programme-de-formation-info\/#primaryimage","url":"https:\/\/united-business.lu\/wp-content\/uploads\/2022\/05\/Picture1.png","contentUrl":"https:\/\/united-business.lu\/wp-content\/uploads\/2022\/05\/Picture1.png","width":1190,"height":1160},{"@type":"BreadcrumbList","@id":"https:\/\/united-business.lu\/fr\/leadership-programme-de-formation-info\/#breadcrumb","itemListElement":[{"@type":"ListItem","position":1,"name":"Home","item":"https:\/\/united-business.lu\/fr\/"},{"@type":"ListItem","position":2,"name":"Leadership Programme de formation"}]},{"@type":"WebSite","@id":"https:\/\/united-business.lu\/#website","url":"https:\/\/united-business.lu\/","name":"United Business Luxembourg","description":"Get together for better business","potentialAction":[{"@type":"SearchAction","target":{"@type":"EntryPoint","urlTemplate":"https:\/\/united-business.lu\/?s={search_term_string}"},"query-input":{"@type":"PropertyValueSpecification","valueRequired":true,"valueName":"search_term_string"}}],"inLanguage":"fr-FR"},{"@type":"Person","@id":"https:\/\/united-business.lu\/#\/schema\/person\/9ec2c328c4b20d485d2b2c67bb810b50","name":"digvis","image":{"@type":"ImageObject","inLanguage":"fr-FR","@id":"https:\/\/secure.gravatar.com\/avatar\/2c46051deb97a40a8fb341b522acb63fdbcd6ca350a2c90501d6921f71cd542a?s=96&d=mm&r=g","url":"https:\/\/secure.gravatar.com\/avatar\/2c46051deb97a40a8fb341b522acb63fdbcd6ca350a2c90501d6921f71cd542a?s=96&d=mm&r=g","contentUrl":"https:\/\/secure.gravatar.com\/avatar\/2c46051deb97a40a8fb341b522acb63fdbcd6ca350a2c90501d6921f71cd542a?s=96&d=mm&r=g","caption":"digvis"},"sameAs":["http:\/\/ubl.local"],"url":"https:\/\/united-business.lu\/fr\/author\/digvis\/"}]}},"_links":{"self":[{"href":"https:\/\/united-business.lu\/fr\/wp-json\/wp\/v2\/posts\/1602","targetHints":{"allow":["GET"]}}],"collection":[{"href":"https:\/\/united-business.lu\/fr\/wp-json\/wp\/v2\/posts"}],"about":[{"href":"https:\/\/united-business.lu\/fr\/wp-json\/wp\/v2\/types\/post"}],"author":[{"embeddable":true,"href":"https:\/\/united-business.lu\/fr\/wp-json\/wp\/v2\/users\/1"}],"replies":[{"embeddable":true,"href":"https:\/\/united-business.lu\/fr\/wp-json\/wp\/v2\/comments?post=1602"}],"version-history":[{"count":28,"href":"https:\/\/united-business.lu\/fr\/wp-json\/wp\/v2\/posts\/1602\/revisions"}],"predecessor-version":[{"id":5463,"href":"https:\/\/united-business.lu\/fr\/wp-json\/wp\/v2\/posts\/1602\/revisions\/5463"}],"wp:featuredmedia":[{"embeddable":true,"href":"https:\/\/united-business.lu\/fr\/wp-json\/wp\/v2\/media\/1626"}],"wp:attachment":[{"href":"https:\/\/united-business.lu\/fr\/wp-json\/wp\/v2\/media?parent=1602"}],"wp:term":[{"taxonomy":"category","embeddable":true,"href":"https:\/\/united-business.lu\/fr\/wp-json\/wp\/v2\/categories?post=1602"},{"taxonomy":"post_tag","embeddable":true,"href":"https:\/\/united-business.lu\/fr\/wp-json\/wp\/v2\/tags?post=1602"}],"curies":[{"name":"wp","href":"https:\/\/api.w.org\/{rel}","templated":true}]}}