{"id":13647,"date":"2025-02-18T10:28:05","date_gmt":"2025-02-18T08:28:05","guid":{"rendered":"https:\/\/united-business.lu\/?p=13647"},"modified":"2025-02-19T15:16:07","modified_gmt":"2025-02-19T13:16:07","slug":"atelier-du-savoir-atelier-de-reseautage-transfrontalier","status":"publish","type":"post","link":"https:\/\/united-business.lu\/fr\/atelier-du-savoir-atelier-de-reseautage-transfrontalier\/","title":{"rendered":"Atelier du savoir : Atelier de r\u00e9seautage transfrontalier"},"content":{"rendered":"<div style=\"width: 980px;\" class=\"wp-video\"><video class=\"wp-video-shortcode\" id=\"video-13647-1\" width=\"980\" height=\"980\" preload=\"metadata\" controls=\"controls\"><source type=\"video\/mp4\" src=\"https:\/\/united-business.lu\/wp-content\/uploads\/2025\/02\/UBL-Wissenswerkstatt.mp4?_=1\" \/><a href=\"https:\/\/united-business.lu\/wp-content\/uploads\/2025\/02\/UBL-Wissenswerkstatt.mp4\">https:\/\/united-business.lu\/wp-content\/uploads\/2025\/02\/UBL-Wissenswerkstatt.mp4<\/a><\/video><\/div>\n<p>&nbsp;<\/p>\n<p>United-Business Luxembourg vous invite le vendredi 31 janvier 2025 \u00e0 son \u00ab\u00a0atelier du savoir\u00a0\u00bb.<\/p>\n<p>En collaboration avec le Wirtschaftsclub K\u00f6ln, le Business Club Aachen Maastricht, le Wirtschaftsnetzwerk Saar et Beautiful Business de Francfort, nous proposons un atelier de networking transfrontalier qui met l&rsquo;accent sur l&rsquo;\u00e9change pluridisciplinaire et l&rsquo;\u00e9laboration commune de solutions en petits groupes.<\/p>\n<p>Le point fort de la soir\u00e9e : un challenge bowling suivi d&rsquo;un d\u00eener &#8211; l&rsquo;occasion id\u00e9ale pour un \u00e9change intensif et de nouveaux contacts.<\/p>\n<p>Le samedi matin, une visite exclusive de l&rsquo;entreprise attend les participants, qui d\u00e9couvriront les particularit\u00e9s du site \u00e9conomique luxembourgeois.<\/p>\n<p>Soyez de la partie et cr\u00e9ez un r\u00e9seau transfrontalier !<\/p>\n<p><a href=\"https:\/\/www.businessclub-aachen.com\/\" target=\"_blank\" rel=\"noopener\"><img decoding=\"async\" class=\"alignnone wp-image-13621\" src=\"https:\/\/united-business.lu\/wp-content\/uploads\/2024\/11\/327268622_1377427086327594_3709852699177741456_n-300x111.jpg\" alt=\"\" width=\"257\" height=\"95\" srcset=\"https:\/\/united-business.lu\/wp-content\/uploads\/2024\/11\/327268622_1377427086327594_3709852699177741456_n-300x111.jpg 300w, https:\/\/united-business.lu\/wp-content\/uploads\/2024\/11\/327268622_1377427086327594_3709852699177741456_n-768x284.jpg 768w, https:\/\/united-business.lu\/wp-content\/uploads\/2024\/11\/327268622_1377427086327594_3709852699177741456_n-650x241.jpg 650w, https:\/\/united-business.lu\/wp-content\/uploads\/2024\/11\/327268622_1377427086327594_3709852699177741456_n-20x7.jpg 20w, https:\/\/united-business.lu\/wp-content\/uploads\/2024\/11\/327268622_1377427086327594_3709852699177741456_n.jpg 851w\" sizes=\"(max-width: 257px) 100vw, 257px\" \/><\/a>\u00a0 \u00a0 \u00a0 \u00a0 <a href=\"https:\/\/www.wirtschaftsclub-koeln.de\/\" target=\"_blank\" rel=\"noopener\"><img decoding=\"async\" class=\"alignnone wp-image-13637\" src=\"https:\/\/united-business.lu\/wp-content\/uploads\/2024\/11\/wkoelnlogo-square.jpg\" alt=\"\" width=\"95\" height=\"95\" srcset=\"https:\/\/united-business.lu\/wp-content\/uploads\/2024\/11\/wkoelnlogo-square.jpg 192w, https:\/\/united-business.lu\/wp-content\/uploads\/2024\/11\/wkoelnlogo-square-150x150.jpg 150w, https:\/\/united-business.lu\/wp-content\/uploads\/2024\/11\/wkoelnlogo-square-20x20.jpg 20w\" sizes=\"(max-width: 95px) 100vw, 95px\" \/><\/a>\u00a0 \u00a0 \u00a0 \u00a0<a href=\"https:\/\/win.saarland\/home\/\"><img decoding=\"async\" class=\"alignnone wp-image-13633\" src=\"https:\/\/united-business.lu\/wp-content\/uploads\/2024\/11\/akw_logo-300x145.png\" alt=\"\" width=\"197\" height=\"95\" srcset=\"https:\/\/united-business.lu\/wp-content\/uploads\/2024\/11\/akw_logo-300x145.png 300w, https:\/\/united-business.lu\/wp-content\/uploads\/2024\/11\/akw_logo-1024x494.png 1024w, https:\/\/united-business.lu\/wp-content\/uploads\/2024\/11\/akw_logo-768x370.png 768w, https:\/\/united-business.lu\/wp-content\/uploads\/2024\/11\/akw_logo-650x313.png 650w, https:\/\/united-business.lu\/wp-content\/uploads\/2024\/11\/akw_logo-20x10.png 20w, https:\/\/united-business.lu\/wp-content\/uploads\/2024\/11\/akw_logo-856x413.png 856w, https:\/\/united-business.lu\/wp-content\/uploads\/2024\/11\/akw_logo-450x220.png 450w, https:\/\/united-business.lu\/wp-content\/uploads\/2024\/11\/akw_logo.png 1500w\" sizes=\"(max-width: 197px) 100vw, 197px\" \/><\/a>\u00a0 \u00a0 \u00a0 \u00a0<a href=\"https:\/\/bb4u.group\" target=\"_blank\" rel=\"noopener\"><img decoding=\"async\" class=\"alignnone wp-image-13670\" src=\"https:\/\/united-business.lu\/wp-content\/uploads\/2024\/11\/BB4U_Logo_rz_cmyk_Foryou_Blau_horizontal-2-300x138.jpg\" alt=\"\" width=\"206\" height=\"95\" srcset=\"https:\/\/united-business.lu\/wp-content\/uploads\/2024\/11\/BB4U_Logo_rz_cmyk_Foryou_Blau_horizontal-2-300x138.jpg 300w, https:\/\/united-business.lu\/wp-content\/uploads\/2024\/11\/BB4U_Logo_rz_cmyk_Foryou_Blau_horizontal-2-1024x472.jpg 1024w, https:\/\/united-business.lu\/wp-content\/uploads\/2024\/11\/BB4U_Logo_rz_cmyk_Foryou_Blau_horizontal-2-768x354.jpg 768w, https:\/\/united-business.lu\/wp-content\/uploads\/2024\/11\/BB4U_Logo_rz_cmyk_Foryou_Blau_horizontal-2-1536x709.jpg 1536w, https:\/\/united-business.lu\/wp-content\/uploads\/2024\/11\/BB4U_Logo_rz_cmyk_Foryou_Blau_horizontal-2-650x300.jpg 650w, https:\/\/united-business.lu\/wp-content\/uploads\/2024\/11\/BB4U_Logo_rz_cmyk_Foryou_Blau_horizontal-2-20x9.jpg 20w, https:\/\/united-business.lu\/wp-content\/uploads\/2024\/11\/BB4U_Logo_rz_cmyk_Foryou_Blau_horizontal-2.jpg 1773w\" sizes=\"(max-width: 206px) 100vw, 206px\" \/><\/a><\/p>\n<p>Vous trouverez des d\u00e9tails sur le d\u00e9roulement ici :<\/p>\n<h3>Jeudi, 30.01.2025 (pas d&rsquo;\u00e9l\u00e9ment de programme officiel, uniquement pour les personnes arrivant t\u00f4t)<\/h3>\n<ul>\n<li>\u00c0 partir de 19h00 :<br \/>\nPour tous les participants arriv\u00e9s t\u00f4t, il y a la possibilit\u00e9 de se retrouver \u00e0 la brasserie *Op der Haart*,<br \/>\njuste \u00e0 c\u00f4t\u00e9 de l&rsquo;h\u00f4tel, de se rencontrer et de faire connaissance en toute convivialit\u00e9.<br \/>\nLa brasserie propose une carte vari\u00e9e et plus de 30 sortes de bi\u00e8res,<br \/>\ndont 12 fra\u00eeches \u00e0 la pression &#8211; une entr\u00e9e en mati\u00e8re id\u00e9ale pour deux journ\u00e9es de r\u00e9seautage passionnantes.<br \/>\n(Pas de point de programme)<\/li>\n<\/ul>\n<h3>Vendredi, 31.01.2025<\/h3>\n<ul>\n<li>10:00 Arriv\u00e9e des invit\u00e9s, caf\u00e9 de bienvenue (merci d&rsquo;\u00eatre ponctuel)<\/li>\n<li>10:30 D\u00e9but de l&rsquo;atelier du savoir : Accueil par le comit\u00e9 directeur de l&rsquo;UBL<\/li>\n<li>10:45 Pr\u00e9sentation du concept &amp; du d\u00e9roulement, d\u00e9finition des th\u00e8mes (animation : Beautiful Business)<\/li>\n<li>11:00 Tour 1 de l&rsquo;atelier du savoir (\u00e9change de th\u00e8mes en petits groupes)<\/li>\n<li>12:00 Flash \/ R\u00e9sum\u00e9 du premier tour (r\u00e9sum\u00e9 et pr\u00e9sentation des r\u00e9sultats)<\/li>\n<li>12:30 Pause d\u00e9jeuner &amp; r\u00e9seautage (\u00e0 prix co\u00fbtant)<\/li>\n<li>13:30 Tour 2 Atelier du savoir (\u00e9change de th\u00e8mes en petits groupes)<\/li>\n<li>14:30 Flash \/ R\u00e9sum\u00e9 du tour 2 (R\u00e9sum\u00e9 et pr\u00e9sentation des r\u00e9sultats)<\/li>\n<li>15:15 Pause caf\u00e9 &amp; r\u00e9seautage<\/li>\n<li>15:45 Tour 3 Atelier du savoir (\u00e9change de th\u00e8mes en petits groupes)<\/li>\n<li>16:30 Flash \/ R\u00e9sum\u00e9 du tour 3 (R\u00e9sum\u00e9 &amp; pr\u00e9sentation des r\u00e9sultats)<\/li>\n<li>17:00 Discussion finale, questions &amp; r\u00e9ponses, tour de feedback<\/li>\n<li>17:30 D\u00e9part pour le centre de bowling de Gr\u00fcfflingen<\/li>\n<li>18:00 D\u00e9fi bowling en commun (les \u00e9quipes de 8 sont choisies librement)<\/li>\n<li>19:30 D\u00eener commun (repas &amp; boissons inclus jusqu&rsquo;au d\u00e9part)<\/li>\n<li>22:00 D\u00e9part pour Massen<\/li>\n<\/ul>\n<h3>Samedi, 01.02.2025<\/h3>\n<ul>\n<li>08:00 Petit-d\u00e9jeuner \u00e0 l&rsquo;h\u00f4tel (pour tous les clients de l&rsquo;h\u00f4tel + \u00e9ventuellement des dormeurs externes)<\/li>\n<li>09:00 D\u00e9part de l&rsquo;excursion :<br \/>\n<strong>Un coup d&rsquo;\u0153il dans les coulisses : L&rsquo;entreprise J. Reiff<\/strong>Au nord du Luxembourg, la soci\u00e9t\u00e9 J. Reiff est pass\u00e9e d&rsquo;une ferme familiale des ann\u00e9es 1950 \u00e0 une entreprise agricole orient\u00e9e vers l&rsquo;avenir. Aujourd&rsquo;hui, l&rsquo;entreprise comprend, outre ses propres activit\u00e9s agricoles et foresti\u00e8res, une large gamme de services agricoles. Du semis \u00e0 la r\u00e9colte, les machines modernes de l&rsquo;exploitation &#8211; dont 75 tracteurs, 9 ensileuses et 8 moissonneuses-batteuses &#8211; effectuent tous les travaux dans les cultures telles que l&rsquo;herbe, les c\u00e9r\u00e9ales, le ma\u00efs, les pommes de terre et les betteraves dans un rayon de plus de 100 kilom\u00e8tres.En 2015, la famille a ajout\u00e9 \u00e0 l&rsquo;entreprise un atelier de machines agricoles ultramoderne qui sert de base de service officielle pour les tracteurs Fendt. Des sp\u00e9cialistes exp\u00e9riment\u00e9s y proposent des services complets d&rsquo;entretien et de r\u00e9paration.Un point fort particulier de l&rsquo;entreprise est l&rsquo;impressionnante collection de v\u00e9hicules anciens. Au cours des 25 derni\u00e8res ann\u00e9es, le chef senior Josy Reiff a rassembl\u00e9 plus de 300 tracteurs, remorques et machines sp\u00e9ciales historiques de la marque Fendt. La collection montre l&rsquo;\u00e9volution fascinante de l&rsquo;agriculture traditionnelle avec des chevaux et des b\u0153ufs jusqu&rsquo;aux grands tracteurs d&rsquo;aujourd&rsquo;hui.Une visite chez Reiff combine un aper\u00e7u passionnant des processus agricoles les plus modernes avec un voyage dans l&rsquo;histoire des machines &#8211; un m\u00e9lange parfait de tradition et de progr\u00e8s.<\/li>\n<\/ul>\n<h3>Participation aux frais par participant<\/h3>\n<p><strong>Vendredi, 31.01.2025<\/strong><\/p>\n<ul>\n<li>caf\u00e9 de bienvenue inclus<\/li>\n<li>y compris les boissons dans l&rsquo;espace de conf\u00e9rence<\/li>\n<li>y compris \u00ab\u00a0pause caf\u00e9 sucr\u00e9e\u00a0\u00bb l&rsquo;apr\u00e8s-midi<\/li>\n<li>d\u00eener et boissons au bowling de Gr\u00fcfflingen inclus.<\/li>\n<li>Le trajet commun en bus de (L) Wemperhardt \u00e0 (B) Gr\u00fcfflingen est inclus dans le prix.<\/li>\n<li>y compris 1h de bowling challenge<\/li>\n<\/ul>\n<p><strong>Samedi, 01.02.2025<\/strong><\/p>\n<ul>\n<li>y compris visite de l&rsquo;entreprise le matin (informations \u00e0 venir)<\/li>\n<\/ul>\n<p><strong>Prix par personne : 159 \u20ac (membres des associations partenaires de l&rsquo;UBL &amp; Beautiful Business)<\/strong><\/p>\n<p><strong>Prix par personne : 199 \u20ac (participants externes)<\/strong><\/p>\n<p>&nbsp;<\/p>\n<p><em>Nombre de participants limit\u00e9 : 60 personnes maximum.<\/em><br \/>\n<em>La participation n&rsquo;est confirm\u00e9e qu&rsquo;apr\u00e8s r\u00e9ception du paiement.<\/em><br \/>\n<em>Les places des participants seront attribu\u00e9es apr\u00e8s r\u00e9ception du paiement.<\/em><br \/>\n<em>Annulation gratuite possible jusqu&rsquo;au 13.01.2025 au plus tard.<\/em><br \/>\n<em>Le d\u00e9jeuner n&rsquo;est pas compris et peut \u00eatre choisi librement.<\/em><br \/>\n<em>Nous recommandons le restaurant self-service Steyr Platz, la Brasserie op der Haart, le restaurant Primavera ou notre Backstuff.<\/em><\/p>\n<p>&nbsp;<\/p>\n<p><em>Notre recommandation d&rsquo;h\u00f4tel :<\/em><br \/>\n<em><strong>Hotel Wemperhardt pr\u00e8s de Massen<\/strong><\/em><\/p>\n<ul>\n<li>la meilleure cat\u00e9gorie possible<\/li>\n<li>d\u00e9licieux buffet de petit-d\u00e9jeuner incl.<\/li>\n<li>acc\u00e8s au sauna incl.<\/li>\n<li>parking gratuit<\/li>\n<\/ul>\n<p>R\u00e9servation avec le mot-cl\u00e9 \u00ab\u00a0Wissenswerkstatt\u00a0\u00bb \u00e0 <a href=\"mailto:hotel@wemperhardt.lu\">hotel@wemperhardt.lu<\/a><\/p>\n<p>&nbsp;<\/p>\n<p><em><strong>Int\u00e9ress\u00e9 par l&rsquo;\u00e9v\u00e9nement ? N&rsquo;h\u00e9sitez pas \u00e0 vous inscrire !<\/strong><\/em><\/p>\n","protected":false},"excerpt":{"rendered":"<p>&nbsp; United-Business Luxembourg vous invite le vendredi 31 janvier 2025 \u00e0 son \u00ab\u00a0atelier du savoir\u00a0\u00bb. En collaboration avec le Wirtschaftsclub K\u00f6ln, le Business Club Aachen Maastricht, le Wirtschaftsnetzwerk Saar et Beautiful Business de Francfort, nous proposons un atelier de networking transfrontalier qui met l&rsquo;accent sur l&rsquo;\u00e9change pluridisciplinaire et l&rsquo;\u00e9laboration commune de solutions en petits groupes. [&hellip;]<\/p>\n","protected":false},"author":2,"featured_media":329,"comment_status":"closed","ping_status":"closed","sticky":false,"template":"","format":"standard","meta":{"_acf_changed":false,"footnotes":""},"categories":[1],"tags":[],"class_list":["post-13647","post","type-post","status-publish","format-standard","has-post-thumbnail","hentry","category-evenements"],"acf":[],"yoast_head":"<!-- This site is optimized with the Yoast SEO plugin v27.5 - https:\/\/yoast.com\/product\/yoast-seo-wordpress\/ -->\n<title>Atelier du savoir : Atelier de r\u00e9seautage transfrontalier - United Business Luxembourg<\/title>\n<meta name=\"robots\" content=\"index, follow, max-snippet:-1, max-image-preview:large, max-video-preview:-1\" \/>\n<link rel=\"canonical\" href=\"https:\/\/united-business.lu\/fr\/atelier-du-savoir-atelier-de-reseautage-transfrontalier\/\" \/>\n<meta property=\"og:locale\" content=\"fr_FR\" \/>\n<meta property=\"og:type\" content=\"article\" \/>\n<meta property=\"og:title\" content=\"Atelier du savoir : Atelier de r\u00e9seautage transfrontalier - United Business Luxembourg\" \/>\n<meta property=\"og:description\" content=\"&nbsp; United-Business Luxembourg vous invite le vendredi 31 janvier 2025 \u00e0 son \u00ab\u00a0atelier du savoir\u00a0\u00bb. En collaboration avec le Wirtschaftsclub K\u00f6ln, le Business Club Aachen Maastricht, le Wirtschaftsnetzwerk Saar et Beautiful Business de Francfort, nous proposons un atelier de networking transfrontalier qui met l&rsquo;accent sur l&rsquo;\u00e9change pluridisciplinaire et l&rsquo;\u00e9laboration commune de solutions en petits groupes. [&hellip;]\" \/>\n<meta property=\"og:url\" content=\"https:\/\/united-business.lu\/fr\/atelier-du-savoir-atelier-de-reseautage-transfrontalier\/\" \/>\n<meta property=\"og:site_name\" content=\"United Business Luxembourg\" \/>\n<meta property=\"article:published_time\" content=\"2025-02-18T08:28:05+00:00\" \/>\n<meta property=\"article:modified_time\" content=\"2025-02-19T13:16:07+00:00\" \/>\n<meta property=\"og:image\" content=\"https:\/\/united-business.lu\/wp-content\/uploads\/2021\/11\/default-banner.png\" \/>\n\t<meta property=\"og:image:width\" content=\"1400\" \/>\n\t<meta property=\"og:image:height\" content=\"622\" \/>\n\t<meta property=\"og:image:type\" content=\"image\/png\" \/>\n<meta name=\"author\" content=\"United Business\" \/>\n<meta name=\"twitter:card\" content=\"summary_large_image\" \/>\n<meta name=\"twitter:label1\" content=\"\u00c9crit par\" \/>\n\t<meta name=\"twitter:data1\" content=\"United Business\" \/>\n\t<meta name=\"twitter:label2\" content=\"Dur\u00e9e de lecture estim\u00e9e\" \/>\n\t<meta name=\"twitter:data2\" content=\"6 minutes\" \/>\n<script type=\"application\/ld+json\" class=\"yoast-schema-graph\">{\"@context\":\"https:\\\/\\\/schema.org\",\"@graph\":[{\"@type\":\"Article\",\"@id\":\"https:\\\/\\\/united-business.lu\\\/fr\\\/atelier-du-savoir-atelier-de-reseautage-transfrontalier\\\/#article\",\"isPartOf\":{\"@id\":\"https:\\\/\\\/united-business.lu\\\/fr\\\/atelier-du-savoir-atelier-de-reseautage-transfrontalier\\\/\"},\"author\":{\"name\":\"United Business\",\"@id\":\"https:\\\/\\\/united-business.lu\\\/#\\\/schema\\\/person\\\/dc5b7948df859445a139ee7d51d22b90\"},\"headline\":\"Atelier du savoir : Atelier de r\u00e9seautage transfrontalier\",\"datePublished\":\"2025-02-18T08:28:05+00:00\",\"dateModified\":\"2025-02-19T13:16:07+00:00\",\"mainEntityOfPage\":{\"@id\":\"https:\\\/\\\/united-business.lu\\\/fr\\\/atelier-du-savoir-atelier-de-reseautage-transfrontalier\\\/\"},\"wordCount\":908,\"image\":{\"@id\":\"https:\\\/\\\/united-business.lu\\\/fr\\\/atelier-du-savoir-atelier-de-reseautage-transfrontalier\\\/#primaryimage\"},\"thumbnailUrl\":\"https:\\\/\\\/united-business.lu\\\/wp-content\\\/uploads\\\/2021\\\/11\\\/default-banner.png\",\"articleSection\":[\"Ev\u00e8nements\"],\"inLanguage\":\"fr-FR\"},{\"@type\":\"WebPage\",\"@id\":\"https:\\\/\\\/united-business.lu\\\/fr\\\/atelier-du-savoir-atelier-de-reseautage-transfrontalier\\\/\",\"url\":\"https:\\\/\\\/united-business.lu\\\/fr\\\/atelier-du-savoir-atelier-de-reseautage-transfrontalier\\\/\",\"name\":\"Atelier du savoir : Atelier de r\u00e9seautage transfrontalier - United Business Luxembourg\",\"isPartOf\":{\"@id\":\"https:\\\/\\\/united-business.lu\\\/#website\"},\"primaryImageOfPage\":{\"@id\":\"https:\\\/\\\/united-business.lu\\\/fr\\\/atelier-du-savoir-atelier-de-reseautage-transfrontalier\\\/#primaryimage\"},\"image\":{\"@id\":\"https:\\\/\\\/united-business.lu\\\/fr\\\/atelier-du-savoir-atelier-de-reseautage-transfrontalier\\\/#primaryimage\"},\"thumbnailUrl\":\"https:\\\/\\\/united-business.lu\\\/wp-content\\\/uploads\\\/2021\\\/11\\\/default-banner.png\",\"datePublished\":\"2025-02-18T08:28:05+00:00\",\"dateModified\":\"2025-02-19T13:16:07+00:00\",\"author\":{\"@id\":\"https:\\\/\\\/united-business.lu\\\/#\\\/schema\\\/person\\\/dc5b7948df859445a139ee7d51d22b90\"},\"breadcrumb\":{\"@id\":\"https:\\\/\\\/united-business.lu\\\/fr\\\/atelier-du-savoir-atelier-de-reseautage-transfrontalier\\\/#breadcrumb\"},\"inLanguage\":\"fr-FR\",\"potentialAction\":[{\"@type\":\"ReadAction\",\"target\":[\"https:\\\/\\\/united-business.lu\\\/fr\\\/atelier-du-savoir-atelier-de-reseautage-transfrontalier\\\/\"]}]},{\"@type\":\"ImageObject\",\"inLanguage\":\"fr-FR\",\"@id\":\"https:\\\/\\\/united-business.lu\\\/fr\\\/atelier-du-savoir-atelier-de-reseautage-transfrontalier\\\/#primaryimage\",\"url\":\"https:\\\/\\\/united-business.lu\\\/wp-content\\\/uploads\\\/2021\\\/11\\\/default-banner.png\",\"contentUrl\":\"https:\\\/\\\/united-business.lu\\\/wp-content\\\/uploads\\\/2021\\\/11\\\/default-banner.png\",\"width\":1400,\"height\":622},{\"@type\":\"BreadcrumbList\",\"@id\":\"https:\\\/\\\/united-business.lu\\\/fr\\\/atelier-du-savoir-atelier-de-reseautage-transfrontalier\\\/#breadcrumb\",\"itemListElement\":[{\"@type\":\"ListItem\",\"position\":1,\"name\":\"Home\",\"item\":\"https:\\\/\\\/united-business.lu\\\/fr\\\/\"},{\"@type\":\"ListItem\",\"position\":2,\"name\":\"Atelier du savoir : Atelier de r\u00e9seautage transfrontalier\"}]},{\"@type\":\"WebSite\",\"@id\":\"https:\\\/\\\/united-business.lu\\\/#website\",\"url\":\"https:\\\/\\\/united-business.lu\\\/\",\"name\":\"United Business Luxembourg\",\"description\":\"Get together for better business\",\"potentialAction\":[{\"@type\":\"SearchAction\",\"target\":{\"@type\":\"EntryPoint\",\"urlTemplate\":\"https:\\\/\\\/united-business.lu\\\/?s={search_term_string}\"},\"query-input\":{\"@type\":\"PropertyValueSpecification\",\"valueRequired\":true,\"valueName\":\"search_term_string\"}}],\"inLanguage\":\"fr-FR\"},{\"@type\":\"Person\",\"@id\":\"https:\\\/\\\/united-business.lu\\\/#\\\/schema\\\/person\\\/dc5b7948df859445a139ee7d51d22b90\",\"name\":\"United Business\",\"image\":{\"@type\":\"ImageObject\",\"inLanguage\":\"fr-FR\",\"@id\":\"https:\\\/\\\/secure.gravatar.com\\\/avatar\\\/63a0481b1a25d0bdd3dc4e42eee8187f87888a369020eea83c806760ba679672?s=96&d=mm&r=g\",\"url\":\"https:\\\/\\\/secure.gravatar.com\\\/avatar\\\/63a0481b1a25d0bdd3dc4e42eee8187f87888a369020eea83c806760ba679672?s=96&d=mm&r=g\",\"contentUrl\":\"https:\\\/\\\/secure.gravatar.com\\\/avatar\\\/63a0481b1a25d0bdd3dc4e42eee8187f87888a369020eea83c806760ba679672?s=96&d=mm&r=g\",\"caption\":\"United Business\"},\"url\":\"https:\\\/\\\/united-business.lu\\\/fr\\\/author\\\/ubl\\\/\"}]}<\/script>\n<!-- \/ Yoast SEO plugin. -->","yoast_head_json":{"title":"Atelier du savoir : Atelier de r\u00e9seautage transfrontalier - United Business Luxembourg","robots":{"index":"index","follow":"follow","max-snippet":"max-snippet:-1","max-image-preview":"max-image-preview:large","max-video-preview":"max-video-preview:-1"},"canonical":"https:\/\/united-business.lu\/fr\/atelier-du-savoir-atelier-de-reseautage-transfrontalier\/","og_locale":"fr_FR","og_type":"article","og_title":"Atelier du savoir : Atelier de r\u00e9seautage transfrontalier - United Business Luxembourg","og_description":"&nbsp; United-Business Luxembourg vous invite le vendredi 31 janvier 2025 \u00e0 son \u00ab\u00a0atelier du savoir\u00a0\u00bb. En collaboration avec le Wirtschaftsclub K\u00f6ln, le Business Club Aachen Maastricht, le Wirtschaftsnetzwerk Saar et Beautiful Business de Francfort, nous proposons un atelier de networking transfrontalier qui met l&rsquo;accent sur l&rsquo;\u00e9change pluridisciplinaire et l&rsquo;\u00e9laboration commune de solutions en petits groupes. [&hellip;]","og_url":"https:\/\/united-business.lu\/fr\/atelier-du-savoir-atelier-de-reseautage-transfrontalier\/","og_site_name":"United Business Luxembourg","article_published_time":"2025-02-18T08:28:05+00:00","article_modified_time":"2025-02-19T13:16:07+00:00","og_image":[{"width":1400,"height":622,"url":"https:\/\/united-business.lu\/wp-content\/uploads\/2021\/11\/default-banner.png","type":"image\/png"}],"author":"United Business","twitter_card":"summary_large_image","twitter_misc":{"\u00c9crit par":"United Business","Dur\u00e9e de lecture estim\u00e9e":"6 minutes"},"schema":{"@context":"https:\/\/schema.org","@graph":[{"@type":"Article","@id":"https:\/\/united-business.lu\/fr\/atelier-du-savoir-atelier-de-reseautage-transfrontalier\/#article","isPartOf":{"@id":"https:\/\/united-business.lu\/fr\/atelier-du-savoir-atelier-de-reseautage-transfrontalier\/"},"author":{"name":"United Business","@id":"https:\/\/united-business.lu\/#\/schema\/person\/dc5b7948df859445a139ee7d51d22b90"},"headline":"Atelier du savoir : Atelier de r\u00e9seautage transfrontalier","datePublished":"2025-02-18T08:28:05+00:00","dateModified":"2025-02-19T13:16:07+00:00","mainEntityOfPage":{"@id":"https:\/\/united-business.lu\/fr\/atelier-du-savoir-atelier-de-reseautage-transfrontalier\/"},"wordCount":908,"image":{"@id":"https:\/\/united-business.lu\/fr\/atelier-du-savoir-atelier-de-reseautage-transfrontalier\/#primaryimage"},"thumbnailUrl":"https:\/\/united-business.lu\/wp-content\/uploads\/2021\/11\/default-banner.png","articleSection":["Ev\u00e8nements"],"inLanguage":"fr-FR"},{"@type":"WebPage","@id":"https:\/\/united-business.lu\/fr\/atelier-du-savoir-atelier-de-reseautage-transfrontalier\/","url":"https:\/\/united-business.lu\/fr\/atelier-du-savoir-atelier-de-reseautage-transfrontalier\/","name":"Atelier du savoir : Atelier de r\u00e9seautage transfrontalier - United Business Luxembourg","isPartOf":{"@id":"https:\/\/united-business.lu\/#website"},"primaryImageOfPage":{"@id":"https:\/\/united-business.lu\/fr\/atelier-du-savoir-atelier-de-reseautage-transfrontalier\/#primaryimage"},"image":{"@id":"https:\/\/united-business.lu\/fr\/atelier-du-savoir-atelier-de-reseautage-transfrontalier\/#primaryimage"},"thumbnailUrl":"https:\/\/united-business.lu\/wp-content\/uploads\/2021\/11\/default-banner.png","datePublished":"2025-02-18T08:28:05+00:00","dateModified":"2025-02-19T13:16:07+00:00","author":{"@id":"https:\/\/united-business.lu\/#\/schema\/person\/dc5b7948df859445a139ee7d51d22b90"},"breadcrumb":{"@id":"https:\/\/united-business.lu\/fr\/atelier-du-savoir-atelier-de-reseautage-transfrontalier\/#breadcrumb"},"inLanguage":"fr-FR","potentialAction":[{"@type":"ReadAction","target":["https:\/\/united-business.lu\/fr\/atelier-du-savoir-atelier-de-reseautage-transfrontalier\/"]}]},{"@type":"ImageObject","inLanguage":"fr-FR","@id":"https:\/\/united-business.lu\/fr\/atelier-du-savoir-atelier-de-reseautage-transfrontalier\/#primaryimage","url":"https:\/\/united-business.lu\/wp-content\/uploads\/2021\/11\/default-banner.png","contentUrl":"https:\/\/united-business.lu\/wp-content\/uploads\/2021\/11\/default-banner.png","width":1400,"height":622},{"@type":"BreadcrumbList","@id":"https:\/\/united-business.lu\/fr\/atelier-du-savoir-atelier-de-reseautage-transfrontalier\/#breadcrumb","itemListElement":[{"@type":"ListItem","position":1,"name":"Home","item":"https:\/\/united-business.lu\/fr\/"},{"@type":"ListItem","position":2,"name":"Atelier du savoir : Atelier de r\u00e9seautage transfrontalier"}]},{"@type":"WebSite","@id":"https:\/\/united-business.lu\/#website","url":"https:\/\/united-business.lu\/","name":"United Business Luxembourg","description":"Get together for better business","potentialAction":[{"@type":"SearchAction","target":{"@type":"EntryPoint","urlTemplate":"https:\/\/united-business.lu\/?s={search_term_string}"},"query-input":{"@type":"PropertyValueSpecification","valueRequired":true,"valueName":"search_term_string"}}],"inLanguage":"fr-FR"},{"@type":"Person","@id":"https:\/\/united-business.lu\/#\/schema\/person\/dc5b7948df859445a139ee7d51d22b90","name":"United Business","image":{"@type":"ImageObject","inLanguage":"fr-FR","@id":"https:\/\/secure.gravatar.com\/avatar\/63a0481b1a25d0bdd3dc4e42eee8187f87888a369020eea83c806760ba679672?s=96&d=mm&r=g","url":"https:\/\/secure.gravatar.com\/avatar\/63a0481b1a25d0bdd3dc4e42eee8187f87888a369020eea83c806760ba679672?s=96&d=mm&r=g","contentUrl":"https:\/\/secure.gravatar.com\/avatar\/63a0481b1a25d0bdd3dc4e42eee8187f87888a369020eea83c806760ba679672?s=96&d=mm&r=g","caption":"United Business"},"url":"https:\/\/united-business.lu\/fr\/author\/ubl\/"}]}},"_links":{"self":[{"href":"https:\/\/united-business.lu\/fr\/wp-json\/wp\/v2\/posts\/13647","targetHints":{"allow":["GET"]}}],"collection":[{"href":"https:\/\/united-business.lu\/fr\/wp-json\/wp\/v2\/posts"}],"about":[{"href":"https:\/\/united-business.lu\/fr\/wp-json\/wp\/v2\/types\/post"}],"author":[{"embeddable":true,"href":"https:\/\/united-business.lu\/fr\/wp-json\/wp\/v2\/users\/2"}],"replies":[{"embeddable":true,"href":"https:\/\/united-business.lu\/fr\/wp-json\/wp\/v2\/comments?post=13647"}],"version-history":[{"count":13,"href":"https:\/\/united-business.lu\/fr\/wp-json\/wp\/v2\/posts\/13647\/revisions"}],"predecessor-version":[{"id":14072,"href":"https:\/\/united-business.lu\/fr\/wp-json\/wp\/v2\/posts\/13647\/revisions\/14072"}],"wp:featuredmedia":[{"embeddable":true,"href":"https:\/\/united-business.lu\/fr\/wp-json\/wp\/v2\/media\/329"}],"wp:attachment":[{"href":"https:\/\/united-business.lu\/fr\/wp-json\/wp\/v2\/media?parent=13647"}],"wp:term":[{"taxonomy":"category","embeddable":true,"href":"https:\/\/united-business.lu\/fr\/wp-json\/wp\/v2\/categories?post=13647"},{"taxonomy":"post_tag","embeddable":true,"href":"https:\/\/united-business.lu\/fr\/wp-json\/wp\/v2\/tags?post=13647"}],"curies":[{"name":"wp","href":"https:\/\/api.w.org\/{rel}","templated":true}]}}