{"id":1246,"date":"2022-03-18T12:33:17","date_gmt":"2022-03-18T11:33:17","guid":{"rendered":"https:\/\/united-business.lu\/?p=1246"},"modified":"2022-03-25T08:09:18","modified_gmt":"2022-03-25T07:09:18","slug":"soiree-thematique-ubl-du-31-mars-2022","status":"publish","type":"post","link":"https:\/\/united-business.lu\/fr\/soiree-thematique-ubl-du-31-mars-2022\/","title":{"rendered":"Soir\u00e9e th\u00e9matique UBL du 31 mars 2022"},"content":{"rendered":"<h2>Bitcoin, les math\u00e9matiques en or pur<\/h2>\n<h3>Pourquoi les crypto-monnaies sont faites pour durer:<\/h3>\n<p><strong>United-Business Luxembourg vous invite \u00e0 une soir\u00e9e-conf\u00e9rence le jeudi 31.03.22 chez Massen \u00e0 Wemperhardt. L&rsquo;expert en crypto-monnaies et gestionnaire de crypto-actifs J\u00fcrgen M\u00fcller expliquera dans sa conf\u00e9rence divertissante et informative le monde de la blockchain et transmettra ses connaissances sur les crypto-monnaies comme le Bitcoin &amp; Co. Il expliquera plus en d\u00e9tail pourquoi les crypto-monnaies sont venues pour rester. L&rsquo;accent sera mis sur la compr\u00e9hension de la technologie blockchain et des crypto-actifs en g\u00e9n\u00e9ral. Vous recevrez des informations compl\u00e8tes et des t\u00e9moignages personnels qui vous permettront de vous orienter dans ce domaine th\u00e9matique. La conf\u00e9rence s&rsquo;adresse aussi bien aux d\u00e9butants int\u00e9ress\u00e9s qu&rsquo;aux participants et entreprises exp\u00e9riment\u00e9s dans ce domaine.<\/strong><\/p>\n<p>Crypto-monnaies &#8211; Qu&rsquo;est-ce que cela signifie et qu&rsquo;est-ce qui se cache concr\u00e8tement derri\u00e8re ? Qu&rsquo;est-ce qui diff\u00e9rencie le bitcoin des monnaies fiduciaires (\u20ac, $,..) ? Dans son expos\u00e9, J\u00fcrgen M\u00fcller illustrera les avantages de la technologie des ledgers d\u00e9centralis\u00e9s (DLT) et expliquera comment profiter du march\u00e9 \u00e9mergent des cryptomonnaies.<\/p>\n<p>La blockchain et les technologies Distributed Ledger (DLT) sont au c\u0153ur d&rsquo;une m\u00e9ga-tendance qui va changer fondamentalement la mani\u00e8re dont nous allons commercer et \u00e9changer des valeurs. Il argumentera, sous le slogan \u00ab\u00a0Soyez votre propre banque\u00a0\u00bb, les avantages et les inconv\u00e9nients de ce qui est probablement la classe d&rsquo;actifs la plus lucrative de ces dix derni\u00e8res ann\u00e9es.<\/p>\n<p>Alors que les petits investisseurs s&rsquo;int\u00e9ressent de moins en moins au Bitcoin &amp; Co., de plus en plus d&rsquo;entreprises, de holdings et de fondations se lancent dans ce domaine. La progression de la r\u00e9glementation joue un r\u00f4le essentiel \u00e0 cet \u00e9gard. La fiscalit\u00e9 et la r\u00e9glementation sont actuellement les sujets les plus discut\u00e9s dans le domaine des crypto-monnaies.<\/p>\n<p>J\u00fcrgen M\u00fcller, directeur de la soci\u00e9t\u00e9 Focusdecentral \u00e0 Wemperhardt et gestionnaire de crypto-actifs en Suisse, vous emm\u00e8ne dans un voyage informatif \u00e0 travers le vaste domaine th\u00e9matique des cryptomonnaies et de la technologie blockchain correspondante. Il est l&rsquo;interlocuteur des entreprises et des entrepreneurs pour les crypto-actifs. Il conna\u00eet par exp\u00e9rience les voies et les possibilit\u00e9s qui permettent d&rsquo;agir avec succ\u00e8s sur le march\u00e9 des crypto-monnaies, que ce soit en tant que personne priv\u00e9e ou en tant qu&rsquo;entrepreneur.<\/p>\n<p>Au cours de la conf\u00e9rence, il pr\u00e9sentera des exp\u00e9riences personnelles approfondies ainsi que son entr\u00e9e exceptionnelle dans le monde de la crypto :<\/p>\n<p>\u00ab\u00a0Lorsque j&rsquo;ai moi-m\u00eame \u00e9t\u00e9 victime d&rsquo;un piratage en 2016 et que j&rsquo;ai d\u00fb racheter mes donn\u00e9es avec du bitcoin, j&rsquo;\u00e9tais l&rsquo;un des plus grands d\u00e9tracteurs du bitcoin. Je cherchais un moyen de r\u00e9cup\u00e9rer mon argent et j&rsquo;ai donc \u00e9tudi\u00e9 tout ce que je pouvais trouver sur le sujet des crypto-monnaies. Plus je me plongeais dans ce sujet, plus ces monnaies d\u00e9centralis\u00e9es me fascinaient\u00a0\u00bb, explique J\u00fcrgen M\u00fcller. Aujourd&rsquo;hui, il existe une multitude de possibilit\u00e9s offertes par le monde des crypto-monnaies. La blockchain et les crypto-actifs offrent bien plus qu&rsquo;une simple monnaie virtuelle. Le minage, le staking, le liquidity mining, le yield farming et le lending ne sont que quelques-unes des innovations de ce domaine. L&rsquo;aspect de la s\u00e9curit\u00e9 ne doit bien entendu pas \u00eatre n\u00e9glig\u00e9 et les participants re\u00e7oivent ainsi un aper\u00e7u des mesures correspondantes qui devraient \u00eatre utilis\u00e9es et mises en \u0153uvre.<\/p>\n<p>Comme il est de tradition lors de ces soir\u00e9es d&rsquo;information, un cadre appropri\u00e9 sera propos\u00e9 \u00e0 la fin pour un \u00e9change et une discussion anim\u00e9s sur ce th\u00e8me.<\/p>\n<p>La participation \u00e0 la soir\u00e9e th\u00e9matique est ouverte \u00e0 toutes les personnes int\u00e9ress\u00e9es. Vous pouvez vous inscrire via le lien ci-dessous : <a href=\"https:\/\/united-business.lu\/fr\/inscription-31-mars-2022\/\">Formulaire d&rsquo;inscription<\/a>.<\/p>\n<p>La participation est gratuite pour les membres de l&rsquo;UBL (2 personnes par entreprise). Les participants externes paient 50 \u20ac. Des repas et des boissons sont pr\u00e9vus.<\/p>\n<p>&nbsp;<\/p>\n<p><strong>17:30<\/strong><br \/>\nEntr\u00e9e<\/p>\n<p><strong>18:00<\/strong><br \/>\nAccueil par le comit\u00e9<\/p>\n<p><strong>18:15<\/strong><br \/>\nD\u00e9but de la pr\u00e9sentation<\/p>\n<p><strong>19:00<\/strong><br \/>\nFin de la pr\u00e9sentation -Questions &amp; r\u00e9ponses<\/p>\n<p><strong>20:00<\/strong><br \/>\nAp\u00e9ro &amp; Networking<\/p>\n<p><strong>22:30<\/strong><br \/>\nFin de l&rsquo;\u00e9v\u00e9nement<\/p>\n","protected":false},"excerpt":{"rendered":"<p>Bitcoin, les math\u00e9matiques en or pur Pourquoi les crypto-monnaies sont faites pour durer: United-Business Luxembourg vous invite \u00e0 une soir\u00e9e-conf\u00e9rence le jeudi 31.03.22 chez Massen \u00e0 Wemperhardt. L&rsquo;expert en crypto-monnaies et gestionnaire de crypto-actifs J\u00fcrgen M\u00fcller expliquera dans sa conf\u00e9rence divertissante et informative le monde de la blockchain et transmettra ses connaissances sur les crypto-monnaies [&hellip;]<\/p>\n","protected":false},"author":1,"featured_media":1244,"comment_status":"closed","ping_status":"closed","sticky":false,"template":"","format":"standard","meta":{"_acf_changed":false,"footnotes":""},"categories":[1],"tags":[],"class_list":["post-1246","post","type-post","status-publish","format-standard","has-post-thumbnail","hentry","category-evenements"],"acf":[],"yoast_head":"<!-- This site is optimized with the Yoast SEO plugin v27.5 - https:\/\/yoast.com\/product\/yoast-seo-wordpress\/ -->\n<title>Soir\u00e9e th\u00e9matique UBL du 31 mars 2022 - United Business Luxembourg<\/title>\n<meta name=\"robots\" content=\"index, follow, max-snippet:-1, max-image-preview:large, max-video-preview:-1\" \/>\n<link rel=\"canonical\" href=\"https:\/\/united-business.lu\/fr\/soiree-thematique-ubl-du-31-mars-2022\/\" \/>\n<meta property=\"og:locale\" content=\"fr_FR\" \/>\n<meta property=\"og:type\" content=\"article\" \/>\n<meta property=\"og:title\" content=\"Soir\u00e9e th\u00e9matique UBL du 31 mars 2022 - United Business Luxembourg\" \/>\n<meta property=\"og:description\" content=\"Bitcoin, les math\u00e9matiques en or pur Pourquoi les crypto-monnaies sont faites pour durer: United-Business Luxembourg vous invite \u00e0 une soir\u00e9e-conf\u00e9rence le jeudi 31.03.22 chez Massen \u00e0 Wemperhardt. L&rsquo;expert en crypto-monnaies et gestionnaire de crypto-actifs J\u00fcrgen M\u00fcller expliquera dans sa conf\u00e9rence divertissante et informative le monde de la blockchain et transmettra ses connaissances sur les crypto-monnaies [&hellip;]\" \/>\n<meta property=\"og:url\" content=\"https:\/\/united-business.lu\/fr\/soiree-thematique-ubl-du-31-mars-2022\/\" \/>\n<meta property=\"og:site_name\" content=\"United Business Luxembourg\" \/>\n<meta property=\"article:published_time\" content=\"2022-03-18T11:33:17+00:00\" \/>\n<meta property=\"article:modified_time\" content=\"2022-03-25T07:09:18+00:00\" \/>\n<meta property=\"og:image\" content=\"https:\/\/united-business.lu\/wp-content\/uploads\/2022\/03\/trading-g8653ae5a2_1920.jpg\" \/>\n\t<meta property=\"og:image:width\" content=\"1920\" \/>\n\t<meta property=\"og:image:height\" content=\"1280\" \/>\n\t<meta property=\"og:image:type\" content=\"image\/jpeg\" \/>\n<meta name=\"author\" content=\"digvis\" \/>\n<meta name=\"twitter:card\" content=\"summary_large_image\" \/>\n<meta name=\"twitter:label1\" content=\"\u00c9crit par\" \/>\n\t<meta name=\"twitter:data1\" content=\"digvis\" \/>\n\t<meta name=\"twitter:label2\" content=\"Dur\u00e9e de lecture estim\u00e9e\" \/>\n\t<meta name=\"twitter:data2\" content=\"4 minutes\" \/>\n<script type=\"application\/ld+json\" class=\"yoast-schema-graph\">{\"@context\":\"https:\\\/\\\/schema.org\",\"@graph\":[{\"@type\":\"Article\",\"@id\":\"https:\\\/\\\/united-business.lu\\\/fr\\\/soiree-thematique-ubl-du-31-mars-2022\\\/#article\",\"isPartOf\":{\"@id\":\"https:\\\/\\\/united-business.lu\\\/fr\\\/soiree-thematique-ubl-du-31-mars-2022\\\/\"},\"author\":{\"name\":\"digvis\",\"@id\":\"https:\\\/\\\/united-business.lu\\\/#\\\/schema\\\/person\\\/9ec2c328c4b20d485d2b2c67bb810b50\"},\"headline\":\"Soir\u00e9e th\u00e9matique UBL du 31 mars 2022\",\"datePublished\":\"2022-03-18T11:33:17+00:00\",\"dateModified\":\"2022-03-25T07:09:18+00:00\",\"mainEntityOfPage\":{\"@id\":\"https:\\\/\\\/united-business.lu\\\/fr\\\/soiree-thematique-ubl-du-31-mars-2022\\\/\"},\"wordCount\":725,\"image\":{\"@id\":\"https:\\\/\\\/united-business.lu\\\/fr\\\/soiree-thematique-ubl-du-31-mars-2022\\\/#primaryimage\"},\"thumbnailUrl\":\"https:\\\/\\\/united-business.lu\\\/wp-content\\\/uploads\\\/2022\\\/03\\\/trading-g8653ae5a2_1920.jpg\",\"articleSection\":[\"Ev\u00e8nements\"],\"inLanguage\":\"fr-FR\"},{\"@type\":\"WebPage\",\"@id\":\"https:\\\/\\\/united-business.lu\\\/fr\\\/soiree-thematique-ubl-du-31-mars-2022\\\/\",\"url\":\"https:\\\/\\\/united-business.lu\\\/fr\\\/soiree-thematique-ubl-du-31-mars-2022\\\/\",\"name\":\"Soir\u00e9e th\u00e9matique UBL du 31 mars 2022 - United Business Luxembourg\",\"isPartOf\":{\"@id\":\"https:\\\/\\\/united-business.lu\\\/#website\"},\"primaryImageOfPage\":{\"@id\":\"https:\\\/\\\/united-business.lu\\\/fr\\\/soiree-thematique-ubl-du-31-mars-2022\\\/#primaryimage\"},\"image\":{\"@id\":\"https:\\\/\\\/united-business.lu\\\/fr\\\/soiree-thematique-ubl-du-31-mars-2022\\\/#primaryimage\"},\"thumbnailUrl\":\"https:\\\/\\\/united-business.lu\\\/wp-content\\\/uploads\\\/2022\\\/03\\\/trading-g8653ae5a2_1920.jpg\",\"datePublished\":\"2022-03-18T11:33:17+00:00\",\"dateModified\":\"2022-03-25T07:09:18+00:00\",\"author\":{\"@id\":\"https:\\\/\\\/united-business.lu\\\/#\\\/schema\\\/person\\\/9ec2c328c4b20d485d2b2c67bb810b50\"},\"breadcrumb\":{\"@id\":\"https:\\\/\\\/united-business.lu\\\/fr\\\/soiree-thematique-ubl-du-31-mars-2022\\\/#breadcrumb\"},\"inLanguage\":\"fr-FR\",\"potentialAction\":[{\"@type\":\"ReadAction\",\"target\":[\"https:\\\/\\\/united-business.lu\\\/fr\\\/soiree-thematique-ubl-du-31-mars-2022\\\/\"]}]},{\"@type\":\"ImageObject\",\"inLanguage\":\"fr-FR\",\"@id\":\"https:\\\/\\\/united-business.lu\\\/fr\\\/soiree-thematique-ubl-du-31-mars-2022\\\/#primaryimage\",\"url\":\"https:\\\/\\\/united-business.lu\\\/wp-content\\\/uploads\\\/2022\\\/03\\\/trading-g8653ae5a2_1920.jpg\",\"contentUrl\":\"https:\\\/\\\/united-business.lu\\\/wp-content\\\/uploads\\\/2022\\\/03\\\/trading-g8653ae5a2_1920.jpg\",\"width\":1920,\"height\":1280},{\"@type\":\"BreadcrumbList\",\"@id\":\"https:\\\/\\\/united-business.lu\\\/fr\\\/soiree-thematique-ubl-du-31-mars-2022\\\/#breadcrumb\",\"itemListElement\":[{\"@type\":\"ListItem\",\"position\":1,\"name\":\"Home\",\"item\":\"https:\\\/\\\/united-business.lu\\\/fr\\\/\"},{\"@type\":\"ListItem\",\"position\":2,\"name\":\"Soir\u00e9e th\u00e9matique UBL du 31 mars 2022\"}]},{\"@type\":\"WebSite\",\"@id\":\"https:\\\/\\\/united-business.lu\\\/#website\",\"url\":\"https:\\\/\\\/united-business.lu\\\/\",\"name\":\"United Business Luxembourg\",\"description\":\"Get together for better business\",\"potentialAction\":[{\"@type\":\"SearchAction\",\"target\":{\"@type\":\"EntryPoint\",\"urlTemplate\":\"https:\\\/\\\/united-business.lu\\\/?s={search_term_string}\"},\"query-input\":{\"@type\":\"PropertyValueSpecification\",\"valueRequired\":true,\"valueName\":\"search_term_string\"}}],\"inLanguage\":\"fr-FR\"},{\"@type\":\"Person\",\"@id\":\"https:\\\/\\\/united-business.lu\\\/#\\\/schema\\\/person\\\/9ec2c328c4b20d485d2b2c67bb810b50\",\"name\":\"digvis\",\"image\":{\"@type\":\"ImageObject\",\"inLanguage\":\"fr-FR\",\"@id\":\"https:\\\/\\\/secure.gravatar.com\\\/avatar\\\/2c46051deb97a40a8fb341b522acb63fdbcd6ca350a2c90501d6921f71cd542a?s=96&d=mm&r=g\",\"url\":\"https:\\\/\\\/secure.gravatar.com\\\/avatar\\\/2c46051deb97a40a8fb341b522acb63fdbcd6ca350a2c90501d6921f71cd542a?s=96&d=mm&r=g\",\"contentUrl\":\"https:\\\/\\\/secure.gravatar.com\\\/avatar\\\/2c46051deb97a40a8fb341b522acb63fdbcd6ca350a2c90501d6921f71cd542a?s=96&d=mm&r=g\",\"caption\":\"digvis\"},\"sameAs\":[\"http:\\\/\\\/ubl.local\"],\"url\":\"https:\\\/\\\/united-business.lu\\\/fr\\\/author\\\/digvis\\\/\"}]}<\/script>\n<!-- \/ Yoast SEO plugin. -->","yoast_head_json":{"title":"Soir\u00e9e th\u00e9matique UBL du 31 mars 2022 - United Business Luxembourg","robots":{"index":"index","follow":"follow","max-snippet":"max-snippet:-1","max-image-preview":"max-image-preview:large","max-video-preview":"max-video-preview:-1"},"canonical":"https:\/\/united-business.lu\/fr\/soiree-thematique-ubl-du-31-mars-2022\/","og_locale":"fr_FR","og_type":"article","og_title":"Soir\u00e9e th\u00e9matique UBL du 31 mars 2022 - United Business Luxembourg","og_description":"Bitcoin, les math\u00e9matiques en or pur Pourquoi les crypto-monnaies sont faites pour durer: United-Business Luxembourg vous invite \u00e0 une soir\u00e9e-conf\u00e9rence le jeudi 31.03.22 chez Massen \u00e0 Wemperhardt. L&rsquo;expert en crypto-monnaies et gestionnaire de crypto-actifs J\u00fcrgen M\u00fcller expliquera dans sa conf\u00e9rence divertissante et informative le monde de la blockchain et transmettra ses connaissances sur les crypto-monnaies [&hellip;]","og_url":"https:\/\/united-business.lu\/fr\/soiree-thematique-ubl-du-31-mars-2022\/","og_site_name":"United Business Luxembourg","article_published_time":"2022-03-18T11:33:17+00:00","article_modified_time":"2022-03-25T07:09:18+00:00","og_image":[{"width":1920,"height":1280,"url":"https:\/\/united-business.lu\/wp-content\/uploads\/2022\/03\/trading-g8653ae5a2_1920.jpg","type":"image\/jpeg"}],"author":"digvis","twitter_card":"summary_large_image","twitter_misc":{"\u00c9crit par":"digvis","Dur\u00e9e de lecture estim\u00e9e":"4 minutes"},"schema":{"@context":"https:\/\/schema.org","@graph":[{"@type":"Article","@id":"https:\/\/united-business.lu\/fr\/soiree-thematique-ubl-du-31-mars-2022\/#article","isPartOf":{"@id":"https:\/\/united-business.lu\/fr\/soiree-thematique-ubl-du-31-mars-2022\/"},"author":{"name":"digvis","@id":"https:\/\/united-business.lu\/#\/schema\/person\/9ec2c328c4b20d485d2b2c67bb810b50"},"headline":"Soir\u00e9e th\u00e9matique UBL du 31 mars 2022","datePublished":"2022-03-18T11:33:17+00:00","dateModified":"2022-03-25T07:09:18+00:00","mainEntityOfPage":{"@id":"https:\/\/united-business.lu\/fr\/soiree-thematique-ubl-du-31-mars-2022\/"},"wordCount":725,"image":{"@id":"https:\/\/united-business.lu\/fr\/soiree-thematique-ubl-du-31-mars-2022\/#primaryimage"},"thumbnailUrl":"https:\/\/united-business.lu\/wp-content\/uploads\/2022\/03\/trading-g8653ae5a2_1920.jpg","articleSection":["Ev\u00e8nements"],"inLanguage":"fr-FR"},{"@type":"WebPage","@id":"https:\/\/united-business.lu\/fr\/soiree-thematique-ubl-du-31-mars-2022\/","url":"https:\/\/united-business.lu\/fr\/soiree-thematique-ubl-du-31-mars-2022\/","name":"Soir\u00e9e th\u00e9matique UBL du 31 mars 2022 - United Business Luxembourg","isPartOf":{"@id":"https:\/\/united-business.lu\/#website"},"primaryImageOfPage":{"@id":"https:\/\/united-business.lu\/fr\/soiree-thematique-ubl-du-31-mars-2022\/#primaryimage"},"image":{"@id":"https:\/\/united-business.lu\/fr\/soiree-thematique-ubl-du-31-mars-2022\/#primaryimage"},"thumbnailUrl":"https:\/\/united-business.lu\/wp-content\/uploads\/2022\/03\/trading-g8653ae5a2_1920.jpg","datePublished":"2022-03-18T11:33:17+00:00","dateModified":"2022-03-25T07:09:18+00:00","author":{"@id":"https:\/\/united-business.lu\/#\/schema\/person\/9ec2c328c4b20d485d2b2c67bb810b50"},"breadcrumb":{"@id":"https:\/\/united-business.lu\/fr\/soiree-thematique-ubl-du-31-mars-2022\/#breadcrumb"},"inLanguage":"fr-FR","potentialAction":[{"@type":"ReadAction","target":["https:\/\/united-business.lu\/fr\/soiree-thematique-ubl-du-31-mars-2022\/"]}]},{"@type":"ImageObject","inLanguage":"fr-FR","@id":"https:\/\/united-business.lu\/fr\/soiree-thematique-ubl-du-31-mars-2022\/#primaryimage","url":"https:\/\/united-business.lu\/wp-content\/uploads\/2022\/03\/trading-g8653ae5a2_1920.jpg","contentUrl":"https:\/\/united-business.lu\/wp-content\/uploads\/2022\/03\/trading-g8653ae5a2_1920.jpg","width":1920,"height":1280},{"@type":"BreadcrumbList","@id":"https:\/\/united-business.lu\/fr\/soiree-thematique-ubl-du-31-mars-2022\/#breadcrumb","itemListElement":[{"@type":"ListItem","position":1,"name":"Home","item":"https:\/\/united-business.lu\/fr\/"},{"@type":"ListItem","position":2,"name":"Soir\u00e9e th\u00e9matique UBL du 31 mars 2022"}]},{"@type":"WebSite","@id":"https:\/\/united-business.lu\/#website","url":"https:\/\/united-business.lu\/","name":"United Business Luxembourg","description":"Get together for better business","potentialAction":[{"@type":"SearchAction","target":{"@type":"EntryPoint","urlTemplate":"https:\/\/united-business.lu\/?s={search_term_string}"},"query-input":{"@type":"PropertyValueSpecification","valueRequired":true,"valueName":"search_term_string"}}],"inLanguage":"fr-FR"},{"@type":"Person","@id":"https:\/\/united-business.lu\/#\/schema\/person\/9ec2c328c4b20d485d2b2c67bb810b50","name":"digvis","image":{"@type":"ImageObject","inLanguage":"fr-FR","@id":"https:\/\/secure.gravatar.com\/avatar\/2c46051deb97a40a8fb341b522acb63fdbcd6ca350a2c90501d6921f71cd542a?s=96&d=mm&r=g","url":"https:\/\/secure.gravatar.com\/avatar\/2c46051deb97a40a8fb341b522acb63fdbcd6ca350a2c90501d6921f71cd542a?s=96&d=mm&r=g","contentUrl":"https:\/\/secure.gravatar.com\/avatar\/2c46051deb97a40a8fb341b522acb63fdbcd6ca350a2c90501d6921f71cd542a?s=96&d=mm&r=g","caption":"digvis"},"sameAs":["http:\/\/ubl.local"],"url":"https:\/\/united-business.lu\/fr\/author\/digvis\/"}]}},"_links":{"self":[{"href":"https:\/\/united-business.lu\/fr\/wp-json\/wp\/v2\/posts\/1246","targetHints":{"allow":["GET"]}}],"collection":[{"href":"https:\/\/united-business.lu\/fr\/wp-json\/wp\/v2\/posts"}],"about":[{"href":"https:\/\/united-business.lu\/fr\/wp-json\/wp\/v2\/types\/post"}],"author":[{"embeddable":true,"href":"https:\/\/united-business.lu\/fr\/wp-json\/wp\/v2\/users\/1"}],"replies":[{"embeddable":true,"href":"https:\/\/united-business.lu\/fr\/wp-json\/wp\/v2\/comments?post=1246"}],"version-history":[{"count":5,"href":"https:\/\/united-business.lu\/fr\/wp-json\/wp\/v2\/posts\/1246\/revisions"}],"predecessor-version":[{"id":1380,"href":"https:\/\/united-business.lu\/fr\/wp-json\/wp\/v2\/posts\/1246\/revisions\/1380"}],"wp:featuredmedia":[{"embeddable":true,"href":"https:\/\/united-business.lu\/fr\/wp-json\/wp\/v2\/media\/1244"}],"wp:attachment":[{"href":"https:\/\/united-business.lu\/fr\/wp-json\/wp\/v2\/media?parent=1246"}],"wp:term":[{"taxonomy":"category","embeddable":true,"href":"https:\/\/united-business.lu\/fr\/wp-json\/wp\/v2\/categories?post=1246"},{"taxonomy":"post_tag","embeddable":true,"href":"https:\/\/united-business.lu\/fr\/wp-json\/wp\/v2\/tags?post=1246"}],"curies":[{"name":"wp","href":"https:\/\/api.w.org\/{rel}","templated":true}]}}