{"id":11844,"date":"2024-03-19T11:24:38","date_gmt":"2024-03-19T09:24:38","guid":{"rendered":"https:\/\/united-business.lu\/?p=11844"},"modified":"2024-03-19T12:35:23","modified_gmt":"2024-03-19T10:35:23","slug":"united-business-luxembourg-celebre-son-2e-anniversaire-chez-brever","status":"publish","type":"post","link":"https:\/\/united-business.lu\/fr\/united-business-luxembourg-celebre-son-2e-anniversaire-chez-brever\/","title":{"rendered":"United Business Luxembourg c\u00e9l\u00e8bre son 2e anniversaire chez Brever"},"content":{"rendered":"<p>United Business Luxembourg (UBL) est fier de c\u00e9l\u00e9brer le 2e anniversaire de notre r\u00e9seau. Cet \u00e9v\u00e9nement sp\u00e9cial a \u00e9t\u00e9 c\u00e9l\u00e9br\u00e9 le 7 mars chez Brever \u00e0 Troisvierges, une entreprise reconnue depuis pr\u00e8s de 30 ans pour la haute qualit\u00e9 de ses fen\u00eatres, portes et bien plus encore.<\/p>\n<p>L&rsquo;\u00e9v\u00e9nement a offert une occasion unique d&rsquo;\u00e9changer dans un cadre afterwork exclusif et de d\u00e9couvrir de pr\u00e8s l&rsquo;histoire de succ\u00e8s de Brever. Fond\u00e9 en 1995 par Marco Brever et plus tard \u00e9largi par Dominique Vervoort, Brever est devenu l&rsquo;un des leaders de l&rsquo;industrie, connu pour son engagement envers la qualit\u00e9, la satisfaction client et les designs esth\u00e9tiques.<\/p>\n<p>Nous remercions Dominique Vervoort d&rsquo;avoir ouvert les portes de ce lieu remarquable et tous les membres de l&rsquo;UBL qui ont particip\u00e9 pour c\u00e9l\u00e9brer ensemble ce jalon. Cet \u00e9v\u00e9nement souligne l&rsquo;importance de la collaboration et de la croissance commune dans notre communaut\u00e9.<\/p>\n","protected":false},"excerpt":{"rendered":"<p>United Business Luxembourg (UBL) est fier de c\u00e9l\u00e9brer le 2e anniversaire de notre r\u00e9seau. Cet \u00e9v\u00e9nement sp\u00e9cial a \u00e9t\u00e9 c\u00e9l\u00e9br\u00e9 le 7 mars chez Brever \u00e0 Troisvierges, une entreprise reconnue depuis pr\u00e8s de 30 ans pour la haute qualit\u00e9 de ses fen\u00eatres, portes et bien plus encore. L&rsquo;\u00e9v\u00e9nement a offert une occasion unique d&rsquo;\u00e9changer dans [&hellip;]<\/p>\n","protected":false},"author":1,"featured_media":11845,"comment_status":"closed","ping_status":"closed","sticky":false,"template":"","format":"standard","meta":{"_acf_changed":false,"footnotes":""},"categories":[62],"tags":[],"class_list":["post-11844","post","type-post","status-publish","format-standard","has-post-thumbnail","hentry","category-united-business"],"acf":[],"yoast_head":"<!-- This site is optimized with the Yoast SEO plugin v27.5 - https:\/\/yoast.com\/product\/yoast-seo-wordpress\/ -->\n<title>United Business Luxembourg c\u00e9l\u00e8bre son 2e anniversaire chez Brever - United Business Luxembourg<\/title>\n<meta name=\"robots\" content=\"index, follow, max-snippet:-1, max-image-preview:large, max-video-preview:-1\" \/>\n<link rel=\"canonical\" href=\"https:\/\/united-business.lu\/fr\/united-business-luxembourg-celebre-son-2e-anniversaire-chez-brever\/\" \/>\n<meta property=\"og:locale\" content=\"fr_FR\" \/>\n<meta property=\"og:type\" content=\"article\" \/>\n<meta property=\"og:title\" content=\"United Business Luxembourg c\u00e9l\u00e8bre son 2e anniversaire chez Brever - United Business Luxembourg\" \/>\n<meta property=\"og:description\" content=\"United Business Luxembourg (UBL) est fier de c\u00e9l\u00e9brer le 2e anniversaire de notre r\u00e9seau. Cet \u00e9v\u00e9nement sp\u00e9cial a \u00e9t\u00e9 c\u00e9l\u00e9br\u00e9 le 7 mars chez Brever \u00e0 Troisvierges, une entreprise reconnue depuis pr\u00e8s de 30 ans pour la haute qualit\u00e9 de ses fen\u00eatres, portes et bien plus encore. L&rsquo;\u00e9v\u00e9nement a offert une occasion unique d&rsquo;\u00e9changer dans [&hellip;]\" \/>\n<meta property=\"og:url\" content=\"https:\/\/united-business.lu\/fr\/united-business-luxembourg-celebre-son-2e-anniversaire-chez-brever\/\" \/>\n<meta property=\"og:site_name\" content=\"United Business Luxembourg\" \/>\n<meta property=\"article:published_time\" content=\"2024-03-19T09:24:38+00:00\" \/>\n<meta property=\"article:modified_time\" content=\"2024-03-19T10:35:23+00:00\" \/>\n<meta property=\"og:image\" content=\"https:\/\/united-business.lu\/wp-content\/uploads\/2024\/03\/ubl-actu-brever-1.jpg\" \/>\n\t<meta property=\"og:image:width\" content=\"1985\" \/>\n\t<meta property=\"og:image:height\" content=\"970\" \/>\n\t<meta property=\"og:image:type\" content=\"image\/jpeg\" \/>\n<meta name=\"author\" content=\"digvis\" \/>\n<meta name=\"twitter:card\" content=\"summary_large_image\" \/>\n<meta name=\"twitter:label1\" content=\"\u00c9crit par\" \/>\n\t<meta name=\"twitter:data1\" content=\"digvis\" \/>\n\t<meta name=\"twitter:label2\" content=\"Dur\u00e9e de lecture estim\u00e9e\" \/>\n\t<meta name=\"twitter:data2\" content=\"1 minute\" \/>\n<script type=\"application\/ld+json\" class=\"yoast-schema-graph\">{\"@context\":\"https:\\\/\\\/schema.org\",\"@graph\":[{\"@type\":\"Article\",\"@id\":\"https:\\\/\\\/united-business.lu\\\/fr\\\/united-business-luxembourg-celebre-son-2e-anniversaire-chez-brever\\\/#article\",\"isPartOf\":{\"@id\":\"https:\\\/\\\/united-business.lu\\\/fr\\\/united-business-luxembourg-celebre-son-2e-anniversaire-chez-brever\\\/\"},\"author\":{\"name\":\"digvis\",\"@id\":\"https:\\\/\\\/united-business.lu\\\/#\\\/schema\\\/person\\\/9ec2c328c4b20d485d2b2c67bb810b50\"},\"headline\":\"United Business Luxembourg c\u00e9l\u00e8bre son 2e anniversaire chez Brever\",\"datePublished\":\"2024-03-19T09:24:38+00:00\",\"dateModified\":\"2024-03-19T10:35:23+00:00\",\"mainEntityOfPage\":{\"@id\":\"https:\\\/\\\/united-business.lu\\\/fr\\\/united-business-luxembourg-celebre-son-2e-anniversaire-chez-brever\\\/\"},\"wordCount\":177,\"image\":{\"@id\":\"https:\\\/\\\/united-business.lu\\\/fr\\\/united-business-luxembourg-celebre-son-2e-anniversaire-chez-brever\\\/#primaryimage\"},\"thumbnailUrl\":\"https:\\\/\\\/united-business.lu\\\/wp-content\\\/uploads\\\/2024\\\/03\\\/ubl-actu-brever-1.jpg\",\"articleSection\":[\"United Business\"],\"inLanguage\":\"fr-FR\"},{\"@type\":\"WebPage\",\"@id\":\"https:\\\/\\\/united-business.lu\\\/fr\\\/united-business-luxembourg-celebre-son-2e-anniversaire-chez-brever\\\/\",\"url\":\"https:\\\/\\\/united-business.lu\\\/fr\\\/united-business-luxembourg-celebre-son-2e-anniversaire-chez-brever\\\/\",\"name\":\"United Business Luxembourg c\u00e9l\u00e8bre son 2e anniversaire chez Brever - United Business Luxembourg\",\"isPartOf\":{\"@id\":\"https:\\\/\\\/united-business.lu\\\/#website\"},\"primaryImageOfPage\":{\"@id\":\"https:\\\/\\\/united-business.lu\\\/fr\\\/united-business-luxembourg-celebre-son-2e-anniversaire-chez-brever\\\/#primaryimage\"},\"image\":{\"@id\":\"https:\\\/\\\/united-business.lu\\\/fr\\\/united-business-luxembourg-celebre-son-2e-anniversaire-chez-brever\\\/#primaryimage\"},\"thumbnailUrl\":\"https:\\\/\\\/united-business.lu\\\/wp-content\\\/uploads\\\/2024\\\/03\\\/ubl-actu-brever-1.jpg\",\"datePublished\":\"2024-03-19T09:24:38+00:00\",\"dateModified\":\"2024-03-19T10:35:23+00:00\",\"author\":{\"@id\":\"https:\\\/\\\/united-business.lu\\\/#\\\/schema\\\/person\\\/9ec2c328c4b20d485d2b2c67bb810b50\"},\"breadcrumb\":{\"@id\":\"https:\\\/\\\/united-business.lu\\\/fr\\\/united-business-luxembourg-celebre-son-2e-anniversaire-chez-brever\\\/#breadcrumb\"},\"inLanguage\":\"fr-FR\",\"potentialAction\":[{\"@type\":\"ReadAction\",\"target\":[\"https:\\\/\\\/united-business.lu\\\/fr\\\/united-business-luxembourg-celebre-son-2e-anniversaire-chez-brever\\\/\"]}]},{\"@type\":\"ImageObject\",\"inLanguage\":\"fr-FR\",\"@id\":\"https:\\\/\\\/united-business.lu\\\/fr\\\/united-business-luxembourg-celebre-son-2e-anniversaire-chez-brever\\\/#primaryimage\",\"url\":\"https:\\\/\\\/united-business.lu\\\/wp-content\\\/uploads\\\/2024\\\/03\\\/ubl-actu-brever-1.jpg\",\"contentUrl\":\"https:\\\/\\\/united-business.lu\\\/wp-content\\\/uploads\\\/2024\\\/03\\\/ubl-actu-brever-1.jpg\",\"width\":1985,\"height\":970},{\"@type\":\"BreadcrumbList\",\"@id\":\"https:\\\/\\\/united-business.lu\\\/fr\\\/united-business-luxembourg-celebre-son-2e-anniversaire-chez-brever\\\/#breadcrumb\",\"itemListElement\":[{\"@type\":\"ListItem\",\"position\":1,\"name\":\"Home\",\"item\":\"https:\\\/\\\/united-business.lu\\\/fr\\\/\"},{\"@type\":\"ListItem\",\"position\":2,\"name\":\"United Business Luxembourg c\u00e9l\u00e8bre son 2e anniversaire chez Brever\"}]},{\"@type\":\"WebSite\",\"@id\":\"https:\\\/\\\/united-business.lu\\\/#website\",\"url\":\"https:\\\/\\\/united-business.lu\\\/\",\"name\":\"United Business Luxembourg\",\"description\":\"Get together for better business\",\"potentialAction\":[{\"@type\":\"SearchAction\",\"target\":{\"@type\":\"EntryPoint\",\"urlTemplate\":\"https:\\\/\\\/united-business.lu\\\/?s={search_term_string}\"},\"query-input\":{\"@type\":\"PropertyValueSpecification\",\"valueRequired\":true,\"valueName\":\"search_term_string\"}}],\"inLanguage\":\"fr-FR\"},{\"@type\":\"Person\",\"@id\":\"https:\\\/\\\/united-business.lu\\\/#\\\/schema\\\/person\\\/9ec2c328c4b20d485d2b2c67bb810b50\",\"name\":\"digvis\",\"image\":{\"@type\":\"ImageObject\",\"inLanguage\":\"fr-FR\",\"@id\":\"https:\\\/\\\/secure.gravatar.com\\\/avatar\\\/2c46051deb97a40a8fb341b522acb63fdbcd6ca350a2c90501d6921f71cd542a?s=96&d=mm&r=g\",\"url\":\"https:\\\/\\\/secure.gravatar.com\\\/avatar\\\/2c46051deb97a40a8fb341b522acb63fdbcd6ca350a2c90501d6921f71cd542a?s=96&d=mm&r=g\",\"contentUrl\":\"https:\\\/\\\/secure.gravatar.com\\\/avatar\\\/2c46051deb97a40a8fb341b522acb63fdbcd6ca350a2c90501d6921f71cd542a?s=96&d=mm&r=g\",\"caption\":\"digvis\"},\"sameAs\":[\"http:\\\/\\\/ubl.local\"],\"url\":\"https:\\\/\\\/united-business.lu\\\/fr\\\/author\\\/digvis\\\/\"}]}<\/script>\n<!-- \/ Yoast SEO plugin. -->","yoast_head_json":{"title":"United Business Luxembourg c\u00e9l\u00e8bre son 2e anniversaire chez Brever - United Business Luxembourg","robots":{"index":"index","follow":"follow","max-snippet":"max-snippet:-1","max-image-preview":"max-image-preview:large","max-video-preview":"max-video-preview:-1"},"canonical":"https:\/\/united-business.lu\/fr\/united-business-luxembourg-celebre-son-2e-anniversaire-chez-brever\/","og_locale":"fr_FR","og_type":"article","og_title":"United Business Luxembourg c\u00e9l\u00e8bre son 2e anniversaire chez Brever - United Business Luxembourg","og_description":"United Business Luxembourg (UBL) est fier de c\u00e9l\u00e9brer le 2e anniversaire de notre r\u00e9seau. Cet \u00e9v\u00e9nement sp\u00e9cial a \u00e9t\u00e9 c\u00e9l\u00e9br\u00e9 le 7 mars chez Brever \u00e0 Troisvierges, une entreprise reconnue depuis pr\u00e8s de 30 ans pour la haute qualit\u00e9 de ses fen\u00eatres, portes et bien plus encore. L&rsquo;\u00e9v\u00e9nement a offert une occasion unique d&rsquo;\u00e9changer dans [&hellip;]","og_url":"https:\/\/united-business.lu\/fr\/united-business-luxembourg-celebre-son-2e-anniversaire-chez-brever\/","og_site_name":"United Business Luxembourg","article_published_time":"2024-03-19T09:24:38+00:00","article_modified_time":"2024-03-19T10:35:23+00:00","og_image":[{"width":1985,"height":970,"url":"https:\/\/united-business.lu\/wp-content\/uploads\/2024\/03\/ubl-actu-brever-1.jpg","type":"image\/jpeg"}],"author":"digvis","twitter_card":"summary_large_image","twitter_misc":{"\u00c9crit par":"digvis","Dur\u00e9e de lecture estim\u00e9e":"1 minute"},"schema":{"@context":"https:\/\/schema.org","@graph":[{"@type":"Article","@id":"https:\/\/united-business.lu\/fr\/united-business-luxembourg-celebre-son-2e-anniversaire-chez-brever\/#article","isPartOf":{"@id":"https:\/\/united-business.lu\/fr\/united-business-luxembourg-celebre-son-2e-anniversaire-chez-brever\/"},"author":{"name":"digvis","@id":"https:\/\/united-business.lu\/#\/schema\/person\/9ec2c328c4b20d485d2b2c67bb810b50"},"headline":"United Business Luxembourg c\u00e9l\u00e8bre son 2e anniversaire chez Brever","datePublished":"2024-03-19T09:24:38+00:00","dateModified":"2024-03-19T10:35:23+00:00","mainEntityOfPage":{"@id":"https:\/\/united-business.lu\/fr\/united-business-luxembourg-celebre-son-2e-anniversaire-chez-brever\/"},"wordCount":177,"image":{"@id":"https:\/\/united-business.lu\/fr\/united-business-luxembourg-celebre-son-2e-anniversaire-chez-brever\/#primaryimage"},"thumbnailUrl":"https:\/\/united-business.lu\/wp-content\/uploads\/2024\/03\/ubl-actu-brever-1.jpg","articleSection":["United Business"],"inLanguage":"fr-FR"},{"@type":"WebPage","@id":"https:\/\/united-business.lu\/fr\/united-business-luxembourg-celebre-son-2e-anniversaire-chez-brever\/","url":"https:\/\/united-business.lu\/fr\/united-business-luxembourg-celebre-son-2e-anniversaire-chez-brever\/","name":"United Business Luxembourg c\u00e9l\u00e8bre son 2e anniversaire chez Brever - United Business Luxembourg","isPartOf":{"@id":"https:\/\/united-business.lu\/#website"},"primaryImageOfPage":{"@id":"https:\/\/united-business.lu\/fr\/united-business-luxembourg-celebre-son-2e-anniversaire-chez-brever\/#primaryimage"},"image":{"@id":"https:\/\/united-business.lu\/fr\/united-business-luxembourg-celebre-son-2e-anniversaire-chez-brever\/#primaryimage"},"thumbnailUrl":"https:\/\/united-business.lu\/wp-content\/uploads\/2024\/03\/ubl-actu-brever-1.jpg","datePublished":"2024-03-19T09:24:38+00:00","dateModified":"2024-03-19T10:35:23+00:00","author":{"@id":"https:\/\/united-business.lu\/#\/schema\/person\/9ec2c328c4b20d485d2b2c67bb810b50"},"breadcrumb":{"@id":"https:\/\/united-business.lu\/fr\/united-business-luxembourg-celebre-son-2e-anniversaire-chez-brever\/#breadcrumb"},"inLanguage":"fr-FR","potentialAction":[{"@type":"ReadAction","target":["https:\/\/united-business.lu\/fr\/united-business-luxembourg-celebre-son-2e-anniversaire-chez-brever\/"]}]},{"@type":"ImageObject","inLanguage":"fr-FR","@id":"https:\/\/united-business.lu\/fr\/united-business-luxembourg-celebre-son-2e-anniversaire-chez-brever\/#primaryimage","url":"https:\/\/united-business.lu\/wp-content\/uploads\/2024\/03\/ubl-actu-brever-1.jpg","contentUrl":"https:\/\/united-business.lu\/wp-content\/uploads\/2024\/03\/ubl-actu-brever-1.jpg","width":1985,"height":970},{"@type":"BreadcrumbList","@id":"https:\/\/united-business.lu\/fr\/united-business-luxembourg-celebre-son-2e-anniversaire-chez-brever\/#breadcrumb","itemListElement":[{"@type":"ListItem","position":1,"name":"Home","item":"https:\/\/united-business.lu\/fr\/"},{"@type":"ListItem","position":2,"name":"United Business Luxembourg c\u00e9l\u00e8bre son 2e anniversaire chez Brever"}]},{"@type":"WebSite","@id":"https:\/\/united-business.lu\/#website","url":"https:\/\/united-business.lu\/","name":"United Business Luxembourg","description":"Get together for better business","potentialAction":[{"@type":"SearchAction","target":{"@type":"EntryPoint","urlTemplate":"https:\/\/united-business.lu\/?s={search_term_string}"},"query-input":{"@type":"PropertyValueSpecification","valueRequired":true,"valueName":"search_term_string"}}],"inLanguage":"fr-FR"},{"@type":"Person","@id":"https:\/\/united-business.lu\/#\/schema\/person\/9ec2c328c4b20d485d2b2c67bb810b50","name":"digvis","image":{"@type":"ImageObject","inLanguage":"fr-FR","@id":"https:\/\/secure.gravatar.com\/avatar\/2c46051deb97a40a8fb341b522acb63fdbcd6ca350a2c90501d6921f71cd542a?s=96&d=mm&r=g","url":"https:\/\/secure.gravatar.com\/avatar\/2c46051deb97a40a8fb341b522acb63fdbcd6ca350a2c90501d6921f71cd542a?s=96&d=mm&r=g","contentUrl":"https:\/\/secure.gravatar.com\/avatar\/2c46051deb97a40a8fb341b522acb63fdbcd6ca350a2c90501d6921f71cd542a?s=96&d=mm&r=g","caption":"digvis"},"sameAs":["http:\/\/ubl.local"],"url":"https:\/\/united-business.lu\/fr\/author\/digvis\/"}]}},"_links":{"self":[{"href":"https:\/\/united-business.lu\/fr\/wp-json\/wp\/v2\/posts\/11844","targetHints":{"allow":["GET"]}}],"collection":[{"href":"https:\/\/united-business.lu\/fr\/wp-json\/wp\/v2\/posts"}],"about":[{"href":"https:\/\/united-business.lu\/fr\/wp-json\/wp\/v2\/types\/post"}],"author":[{"embeddable":true,"href":"https:\/\/united-business.lu\/fr\/wp-json\/wp\/v2\/users\/1"}],"replies":[{"embeddable":true,"href":"https:\/\/united-business.lu\/fr\/wp-json\/wp\/v2\/comments?post=11844"}],"version-history":[{"count":3,"href":"https:\/\/united-business.lu\/fr\/wp-json\/wp\/v2\/posts\/11844\/revisions"}],"predecessor-version":[{"id":11869,"href":"https:\/\/united-business.lu\/fr\/wp-json\/wp\/v2\/posts\/11844\/revisions\/11869"}],"wp:featuredmedia":[{"embeddable":true,"href":"https:\/\/united-business.lu\/fr\/wp-json\/wp\/v2\/media\/11845"}],"wp:attachment":[{"href":"https:\/\/united-business.lu\/fr\/wp-json\/wp\/v2\/media?parent=11844"}],"wp:term":[{"taxonomy":"category","embeddable":true,"href":"https:\/\/united-business.lu\/fr\/wp-json\/wp\/v2\/categories?post=11844"},{"taxonomy":"post_tag","embeddable":true,"href":"https:\/\/united-business.lu\/fr\/wp-json\/wp\/v2\/tags?post=11844"}],"curies":[{"name":"wp","href":"https:\/\/api.w.org\/{rel}","templated":true}]}}