{"id":1059,"date":"2022-02-03T10:25:19","date_gmt":"2022-02-03T09:25:19","guid":{"rendered":"https:\/\/united-business.lu\/brf-united-business-vernetzt-die-unternehmer-im-norden-luxemburgs\/"},"modified":"2022-09-28T18:16:33","modified_gmt":"2022-09-28T17:16:33","slug":"brf-united-business-vernetzt-die-unternehmer-im-norden-luxemburgs","status":"publish","type":"post","link":"https:\/\/united-business.lu\/fr\/brf-united-business-vernetzt-die-unternehmer-im-norden-luxemburgs\/","title":{"rendered":"BRF &#8211; United-Business met en r\u00e9seau les entrepreneurs du nord du Luxembourg"},"content":{"rendered":"<p><strong>Toute personne qui jette un coup d&rsquo;\u0153il de l&rsquo;autre c\u00f4t\u00e9 de la fronti\u00e8re sait qu&rsquo;il se passe quelque chose dans le nord du Luxembourg sur le plan \u00e9conomique. Une petite dizaine d&rsquo;entrepreneurs et d&rsquo;hommes d&rsquo;affaires se sont r\u00e9unis et ont cr\u00e9\u00e9 une ASBL baptis\u00e9e \u00ab\u00a0United-Business Luxembourg\u00a0\u00bb.<\/strong><\/p>\n<p>Johannes Krahwinkel, qui occupe lui-m\u00eame une fonction de cadre chez Massen \u00e0 Wemperhardt, raconte que les entrepreneurs du nord du Luxembourg se rencontraient d\u00e9j\u00e0 depuis longtemps pour \u00ab\u00a0r\u00e9seauter\u00a0\u00bb lors de soir\u00e9es \u00e0 th\u00e8me &#8211; o\u00f9 ces rencontres avaient \u00e9galement lieu. L\u00e0 aussi, Corona a mis un terme \u00e0 cette situation. En revanche, Johannes Krahwinkel est entr\u00e9 en contact avec Roland Neissen d&rsquo;Allround Consulting &#8211; et a eu l&rsquo;id\u00e9e de fonder une association : United-Business Luxembourg.<\/p>\n<h3>\u00ab\u00a0Les gens seront \u00e9tonn\u00e9s\u00a0\u00bb<\/h3>\n<p>\u00ab\u00a0Nous voulons offrir un r\u00e9seau pour \u00e9tablir et d\u00e9velopper des relations d&rsquo;affaires. Mais nous voulons aussi repr\u00e9senter davantage le nord du Luxembourg, qui a toujours \u00e9t\u00e9 un peu n\u00e9glig\u00e9\u00a0\u00bb, explique Johannes Krahwinkel.<\/p>\n<p>\u00ab\u00a0Nous avons tellement d&rsquo;entrepreneurs et d&rsquo;entreprises dans le nord du Luxembourg, qui sont orient\u00e9s vers l&rsquo;avenir et qui ont en partie un r\u00e9seau mondial &#8211; certaines personnes ne pourront plus s&#8217;emp\u00eacher d&rsquo;\u00eatre \u00e9tonn\u00e9es de ce que le nord offre\u00a0\u00bb, dit Krahwinkel.<\/p>\n<h3>Une bourse centrale de l&#8217;emploi<\/h3>\n<p>Le nouveau club d&rsquo;affaires veut \u00e9galement \u00eatre un premier point de contact &#8211; \u00ab\u00a0pour des projets de toutes sortes\u00a0\u00bb. Cela va des formations pour les entrepreneurs \u00e0 une bourse centrale de l&#8217;emploi : \u00ab\u00a0Le comportement typique en mati\u00e8re d&rsquo;acquisition d&#8217;emplois est de pr\u00e9senter quelque chose sur son site web, peut-\u00eatre m\u00eame une annonce dans les m\u00e9dias connus ou sur un portail Internet. Mais c&rsquo;est concentr\u00e9 et introuvable pour le nord du Luxembourg. Nous allons changer cela, le centraliser et le doter d&rsquo;un registre de mots-cl\u00e9s. Je pense que nous pourrons ainsi donner un coup de pouce \u00e0 certains\u00a0\u00bb.<\/p>\n<p>Une fois par an, il est \u00e9galement pr\u00e9vu d&rsquo;organiser un \u00ab\u00a0business day\u00a0\u00bb. \u00ab\u00a0Ce sera un \u00e9v\u00e9nement hybride, o\u00f9 nous aurons un point d&rsquo;accueil central, comme une sorte de salon, o\u00f9 les entreprises seront pr\u00e9sent\u00e9es, mais o\u00f9 l&rsquo;on pourra aussi visiter l&rsquo;une ou l&rsquo;autre entreprise, que l&rsquo;on puisse simplement jeter un coup d&rsquo;\u0153il dans les coulisses et voir \u00ab\u00a0Ok, comment \u00e7a se passe ?\u00a0\u00bb.<\/p>\n<h3>Soir\u00e9e de lancement chez Massen<\/h3>\n<p>Tous les entrepreneurs ayant leur si\u00e8ge social au Luxembourg peuvent devenir membres de United-Business Luxembourg. \u00ab\u00a0Un gentleman agreement fait alors partie de la candidature\u00a0\u00bb, explique Johannes Krahwinkel. \u00ab\u00a0Parmi les promesses, il y a par exemple une participation r\u00e9guli\u00e8re ou le fait de faire avancer l&rsquo;association en soi, de la soutenir avec des id\u00e9es\u00a0\u00bb.<\/p>\n<p>Le 3 f\u00e9vrier, une manifestation de lancement aura lieu au si\u00e8ge du nouveau club d&rsquo;affaires, chez Massen \u00e0 Wemperhardt. M\u00eame les personnes qui se d\u00e9cident \u00e0 la derni\u00e8re minute peuvent s&rsquo;inscrire sur united-business.lu. \u00ab\u00a0On peut bien s\u00fbr aussi s&rsquo;y joindre spontan\u00e9ment et se laisser surprendre\u00a0\u00bb, promet Johannes Krahwinkel. \u00ab\u00a0Nous avons un choix int\u00e9ressant d&rsquo;orateurs et de pr\u00e9sentateurs sur place et &#8211; \u00e0 ne pas sous-estimer &#8211; la partie networking qui peut \u00eatre largement utilis\u00e9e\u00a0\u00bb.<\/p>\n<p style=\"text-align: right;\"><em>Stephan Pesch<\/em><\/p>\n<p>L&rsquo;interview en int\u00e9grale \u00e0 \u00e9couter\/t\u00e9l\u00e9charger : <a href=\"https:\/\/podcast.brf.be\/audio\/2022\/05\/25520bf18b9ca5fb7bf8de7f82a4adf9.mp3\" target=\"_blank\" rel=\"noopener\">Interview (en langue allemande)<\/a><\/p>\n","protected":false},"excerpt":{"rendered":"<p>Toute personne qui jette un coup d&rsquo;\u0153il de l&rsquo;autre c\u00f4t\u00e9 de la fronti\u00e8re sait qu&rsquo;il se passe quelque chose dans le nord du Luxembourg sur le plan \u00e9conomique. Une petite dizaine d&rsquo;entrepreneurs et d&rsquo;hommes d&rsquo;affaires se sont r\u00e9unis et ont cr\u00e9\u00e9 une ASBL baptis\u00e9e \u00ab\u00a0United-Business Luxembourg\u00a0\u00bb. Johannes Krahwinkel, qui occupe lui-m\u00eame une fonction de cadre [&hellip;]<\/p>\n","protected":false},"author":1,"featured_media":830,"comment_status":"closed","ping_status":"closed","sticky":false,"template":"","format":"standard","meta":{"_acf_changed":false,"footnotes":""},"categories":[1,63,62],"tags":[],"class_list":["post-1059","post","type-post","status-publish","format-standard","has-post-thumbnail","hentry","category-evenements","category-presse","category-united-business"],"acf":[],"yoast_head":"<!-- This site is optimized with the Yoast SEO plugin v27.5 - https:\/\/yoast.com\/product\/yoast-seo-wordpress\/ -->\n<title>BRF - United-Business met en r\u00e9seau les entrepreneurs du nord du Luxembourg - United Business Luxembourg<\/title>\n<meta name=\"robots\" content=\"index, follow, max-snippet:-1, max-image-preview:large, max-video-preview:-1\" \/>\n<link rel=\"canonical\" href=\"https:\/\/united-business.lu\/fr\/brf-united-business-vernetzt-die-unternehmer-im-norden-luxemburgs\/\" \/>\n<meta property=\"og:locale\" content=\"fr_FR\" \/>\n<meta property=\"og:type\" content=\"article\" \/>\n<meta property=\"og:title\" content=\"BRF - United-Business met en r\u00e9seau les entrepreneurs du nord du Luxembourg - United Business Luxembourg\" \/>\n<meta property=\"og:description\" content=\"Toute personne qui jette un coup d&rsquo;\u0153il de l&rsquo;autre c\u00f4t\u00e9 de la fronti\u00e8re sait qu&rsquo;il se passe quelque chose dans le nord du Luxembourg sur le plan \u00e9conomique. Une petite dizaine d&rsquo;entrepreneurs et d&rsquo;hommes d&rsquo;affaires se sont r\u00e9unis et ont cr\u00e9\u00e9 une ASBL baptis\u00e9e \u00ab\u00a0United-Business Luxembourg\u00a0\u00bb. Johannes Krahwinkel, qui occupe lui-m\u00eame une fonction de cadre [&hellip;]\" \/>\n<meta property=\"og:url\" content=\"https:\/\/united-business.lu\/fr\/brf-united-business-vernetzt-die-unternehmer-im-norden-luxemburgs\/\" \/>\n<meta property=\"og:site_name\" content=\"United Business Luxembourg\" \/>\n<meta property=\"article:published_time\" content=\"2022-02-03T09:25:19+00:00\" \/>\n<meta property=\"article:modified_time\" content=\"2022-09-28T17:16:33+00:00\" \/>\n<meta property=\"og:image\" content=\"https:\/\/united-business.lu\/wp-content\/uploads\/2021\/11\/ubl-paperjam-1.jpg\" \/>\n\t<meta property=\"og:image:width\" content=\"960\" \/>\n\t<meta property=\"og:image:height\" content=\"640\" \/>\n\t<meta property=\"og:image:type\" content=\"image\/jpeg\" \/>\n<meta name=\"author\" content=\"digvis\" \/>\n<meta name=\"twitter:card\" content=\"summary_large_image\" \/>\n<meta name=\"twitter:label1\" content=\"\u00c9crit par\" \/>\n\t<meta name=\"twitter:data1\" content=\"digvis\" \/>\n\t<meta name=\"twitter:label2\" content=\"Dur\u00e9e de lecture estim\u00e9e\" \/>\n\t<meta name=\"twitter:data2\" content=\"3 minutes\" \/>\n<script type=\"application\/ld+json\" class=\"yoast-schema-graph\">{\"@context\":\"https:\\\/\\\/schema.org\",\"@graph\":[{\"@type\":\"Article\",\"@id\":\"https:\\\/\\\/united-business.lu\\\/fr\\\/brf-united-business-vernetzt-die-unternehmer-im-norden-luxemburgs\\\/#article\",\"isPartOf\":{\"@id\":\"https:\\\/\\\/united-business.lu\\\/fr\\\/brf-united-business-vernetzt-die-unternehmer-im-norden-luxemburgs\\\/\"},\"author\":{\"name\":\"digvis\",\"@id\":\"https:\\\/\\\/united-business.lu\\\/#\\\/schema\\\/person\\\/9ec2c328c4b20d485d2b2c67bb810b50\"},\"headline\":\"BRF &#8211; United-Business met en r\u00e9seau les entrepreneurs du nord du Luxembourg\",\"datePublished\":\"2022-02-03T09:25:19+00:00\",\"dateModified\":\"2022-09-28T17:16:33+00:00\",\"mainEntityOfPage\":{\"@id\":\"https:\\\/\\\/united-business.lu\\\/fr\\\/brf-united-business-vernetzt-die-unternehmer-im-norden-luxemburgs\\\/\"},\"wordCount\":590,\"image\":{\"@id\":\"https:\\\/\\\/united-business.lu\\\/fr\\\/brf-united-business-vernetzt-die-unternehmer-im-norden-luxemburgs\\\/#primaryimage\"},\"thumbnailUrl\":\"https:\\\/\\\/united-business.lu\\\/wp-content\\\/uploads\\\/2021\\\/11\\\/ubl-paperjam-1.jpg\",\"articleSection\":[\"Ev\u00e8nements\",\"Presse\",\"United Business\"],\"inLanguage\":\"fr-FR\"},{\"@type\":\"WebPage\",\"@id\":\"https:\\\/\\\/united-business.lu\\\/fr\\\/brf-united-business-vernetzt-die-unternehmer-im-norden-luxemburgs\\\/\",\"url\":\"https:\\\/\\\/united-business.lu\\\/fr\\\/brf-united-business-vernetzt-die-unternehmer-im-norden-luxemburgs\\\/\",\"name\":\"BRF - United-Business met en r\u00e9seau les entrepreneurs du nord du Luxembourg - United Business Luxembourg\",\"isPartOf\":{\"@id\":\"https:\\\/\\\/united-business.lu\\\/#website\"},\"primaryImageOfPage\":{\"@id\":\"https:\\\/\\\/united-business.lu\\\/fr\\\/brf-united-business-vernetzt-die-unternehmer-im-norden-luxemburgs\\\/#primaryimage\"},\"image\":{\"@id\":\"https:\\\/\\\/united-business.lu\\\/fr\\\/brf-united-business-vernetzt-die-unternehmer-im-norden-luxemburgs\\\/#primaryimage\"},\"thumbnailUrl\":\"https:\\\/\\\/united-business.lu\\\/wp-content\\\/uploads\\\/2021\\\/11\\\/ubl-paperjam-1.jpg\",\"datePublished\":\"2022-02-03T09:25:19+00:00\",\"dateModified\":\"2022-09-28T17:16:33+00:00\",\"author\":{\"@id\":\"https:\\\/\\\/united-business.lu\\\/#\\\/schema\\\/person\\\/9ec2c328c4b20d485d2b2c67bb810b50\"},\"breadcrumb\":{\"@id\":\"https:\\\/\\\/united-business.lu\\\/fr\\\/brf-united-business-vernetzt-die-unternehmer-im-norden-luxemburgs\\\/#breadcrumb\"},\"inLanguage\":\"fr-FR\",\"potentialAction\":[{\"@type\":\"ReadAction\",\"target\":[\"https:\\\/\\\/united-business.lu\\\/fr\\\/brf-united-business-vernetzt-die-unternehmer-im-norden-luxemburgs\\\/\"]}]},{\"@type\":\"ImageObject\",\"inLanguage\":\"fr-FR\",\"@id\":\"https:\\\/\\\/united-business.lu\\\/fr\\\/brf-united-business-vernetzt-die-unternehmer-im-norden-luxemburgs\\\/#primaryimage\",\"url\":\"https:\\\/\\\/united-business.lu\\\/wp-content\\\/uploads\\\/2021\\\/11\\\/ubl-paperjam-1.jpg\",\"contentUrl\":\"https:\\\/\\\/united-business.lu\\\/wp-content\\\/uploads\\\/2021\\\/11\\\/ubl-paperjam-1.jpg\",\"width\":960,\"height\":640},{\"@type\":\"BreadcrumbList\",\"@id\":\"https:\\\/\\\/united-business.lu\\\/fr\\\/brf-united-business-vernetzt-die-unternehmer-im-norden-luxemburgs\\\/#breadcrumb\",\"itemListElement\":[{\"@type\":\"ListItem\",\"position\":1,\"name\":\"Home\",\"item\":\"https:\\\/\\\/united-business.lu\\\/fr\\\/\"},{\"@type\":\"ListItem\",\"position\":2,\"name\":\"BRF &#8211; United-Business met en r\u00e9seau les entrepreneurs du nord du Luxembourg\"}]},{\"@type\":\"WebSite\",\"@id\":\"https:\\\/\\\/united-business.lu\\\/#website\",\"url\":\"https:\\\/\\\/united-business.lu\\\/\",\"name\":\"United Business Luxembourg\",\"description\":\"Get together for better business\",\"potentialAction\":[{\"@type\":\"SearchAction\",\"target\":{\"@type\":\"EntryPoint\",\"urlTemplate\":\"https:\\\/\\\/united-business.lu\\\/?s={search_term_string}\"},\"query-input\":{\"@type\":\"PropertyValueSpecification\",\"valueRequired\":true,\"valueName\":\"search_term_string\"}}],\"inLanguage\":\"fr-FR\"},{\"@type\":\"Person\",\"@id\":\"https:\\\/\\\/united-business.lu\\\/#\\\/schema\\\/person\\\/9ec2c328c4b20d485d2b2c67bb810b50\",\"name\":\"digvis\",\"image\":{\"@type\":\"ImageObject\",\"inLanguage\":\"fr-FR\",\"@id\":\"https:\\\/\\\/secure.gravatar.com\\\/avatar\\\/2c46051deb97a40a8fb341b522acb63fdbcd6ca350a2c90501d6921f71cd542a?s=96&d=mm&r=g\",\"url\":\"https:\\\/\\\/secure.gravatar.com\\\/avatar\\\/2c46051deb97a40a8fb341b522acb63fdbcd6ca350a2c90501d6921f71cd542a?s=96&d=mm&r=g\",\"contentUrl\":\"https:\\\/\\\/secure.gravatar.com\\\/avatar\\\/2c46051deb97a40a8fb341b522acb63fdbcd6ca350a2c90501d6921f71cd542a?s=96&d=mm&r=g\",\"caption\":\"digvis\"},\"sameAs\":[\"http:\\\/\\\/ubl.local\"],\"url\":\"https:\\\/\\\/united-business.lu\\\/fr\\\/author\\\/digvis\\\/\"}]}<\/script>\n<!-- \/ Yoast SEO plugin. -->","yoast_head_json":{"title":"BRF - United-Business met en r\u00e9seau les entrepreneurs du nord du Luxembourg - United Business Luxembourg","robots":{"index":"index","follow":"follow","max-snippet":"max-snippet:-1","max-image-preview":"max-image-preview:large","max-video-preview":"max-video-preview:-1"},"canonical":"https:\/\/united-business.lu\/fr\/brf-united-business-vernetzt-die-unternehmer-im-norden-luxemburgs\/","og_locale":"fr_FR","og_type":"article","og_title":"BRF - United-Business met en r\u00e9seau les entrepreneurs du nord du Luxembourg - United Business Luxembourg","og_description":"Toute personne qui jette un coup d&rsquo;\u0153il de l&rsquo;autre c\u00f4t\u00e9 de la fronti\u00e8re sait qu&rsquo;il se passe quelque chose dans le nord du Luxembourg sur le plan \u00e9conomique. Une petite dizaine d&rsquo;entrepreneurs et d&rsquo;hommes d&rsquo;affaires se sont r\u00e9unis et ont cr\u00e9\u00e9 une ASBL baptis\u00e9e \u00ab\u00a0United-Business Luxembourg\u00a0\u00bb. Johannes Krahwinkel, qui occupe lui-m\u00eame une fonction de cadre [&hellip;]","og_url":"https:\/\/united-business.lu\/fr\/brf-united-business-vernetzt-die-unternehmer-im-norden-luxemburgs\/","og_site_name":"United Business Luxembourg","article_published_time":"2022-02-03T09:25:19+00:00","article_modified_time":"2022-09-28T17:16:33+00:00","og_image":[{"width":960,"height":640,"url":"https:\/\/united-business.lu\/wp-content\/uploads\/2021\/11\/ubl-paperjam-1.jpg","type":"image\/jpeg"}],"author":"digvis","twitter_card":"summary_large_image","twitter_misc":{"\u00c9crit par":"digvis","Dur\u00e9e de lecture estim\u00e9e":"3 minutes"},"schema":{"@context":"https:\/\/schema.org","@graph":[{"@type":"Article","@id":"https:\/\/united-business.lu\/fr\/brf-united-business-vernetzt-die-unternehmer-im-norden-luxemburgs\/#article","isPartOf":{"@id":"https:\/\/united-business.lu\/fr\/brf-united-business-vernetzt-die-unternehmer-im-norden-luxemburgs\/"},"author":{"name":"digvis","@id":"https:\/\/united-business.lu\/#\/schema\/person\/9ec2c328c4b20d485d2b2c67bb810b50"},"headline":"BRF &#8211; United-Business met en r\u00e9seau les entrepreneurs du nord du Luxembourg","datePublished":"2022-02-03T09:25:19+00:00","dateModified":"2022-09-28T17:16:33+00:00","mainEntityOfPage":{"@id":"https:\/\/united-business.lu\/fr\/brf-united-business-vernetzt-die-unternehmer-im-norden-luxemburgs\/"},"wordCount":590,"image":{"@id":"https:\/\/united-business.lu\/fr\/brf-united-business-vernetzt-die-unternehmer-im-norden-luxemburgs\/#primaryimage"},"thumbnailUrl":"https:\/\/united-business.lu\/wp-content\/uploads\/2021\/11\/ubl-paperjam-1.jpg","articleSection":["Ev\u00e8nements","Presse","United Business"],"inLanguage":"fr-FR"},{"@type":"WebPage","@id":"https:\/\/united-business.lu\/fr\/brf-united-business-vernetzt-die-unternehmer-im-norden-luxemburgs\/","url":"https:\/\/united-business.lu\/fr\/brf-united-business-vernetzt-die-unternehmer-im-norden-luxemburgs\/","name":"BRF - United-Business met en r\u00e9seau les entrepreneurs du nord du Luxembourg - United Business Luxembourg","isPartOf":{"@id":"https:\/\/united-business.lu\/#website"},"primaryImageOfPage":{"@id":"https:\/\/united-business.lu\/fr\/brf-united-business-vernetzt-die-unternehmer-im-norden-luxemburgs\/#primaryimage"},"image":{"@id":"https:\/\/united-business.lu\/fr\/brf-united-business-vernetzt-die-unternehmer-im-norden-luxemburgs\/#primaryimage"},"thumbnailUrl":"https:\/\/united-business.lu\/wp-content\/uploads\/2021\/11\/ubl-paperjam-1.jpg","datePublished":"2022-02-03T09:25:19+00:00","dateModified":"2022-09-28T17:16:33+00:00","author":{"@id":"https:\/\/united-business.lu\/#\/schema\/person\/9ec2c328c4b20d485d2b2c67bb810b50"},"breadcrumb":{"@id":"https:\/\/united-business.lu\/fr\/brf-united-business-vernetzt-die-unternehmer-im-norden-luxemburgs\/#breadcrumb"},"inLanguage":"fr-FR","potentialAction":[{"@type":"ReadAction","target":["https:\/\/united-business.lu\/fr\/brf-united-business-vernetzt-die-unternehmer-im-norden-luxemburgs\/"]}]},{"@type":"ImageObject","inLanguage":"fr-FR","@id":"https:\/\/united-business.lu\/fr\/brf-united-business-vernetzt-die-unternehmer-im-norden-luxemburgs\/#primaryimage","url":"https:\/\/united-business.lu\/wp-content\/uploads\/2021\/11\/ubl-paperjam-1.jpg","contentUrl":"https:\/\/united-business.lu\/wp-content\/uploads\/2021\/11\/ubl-paperjam-1.jpg","width":960,"height":640},{"@type":"BreadcrumbList","@id":"https:\/\/united-business.lu\/fr\/brf-united-business-vernetzt-die-unternehmer-im-norden-luxemburgs\/#breadcrumb","itemListElement":[{"@type":"ListItem","position":1,"name":"Home","item":"https:\/\/united-business.lu\/fr\/"},{"@type":"ListItem","position":2,"name":"BRF &#8211; United-Business met en r\u00e9seau les entrepreneurs du nord du Luxembourg"}]},{"@type":"WebSite","@id":"https:\/\/united-business.lu\/#website","url":"https:\/\/united-business.lu\/","name":"United Business Luxembourg","description":"Get together for better business","potentialAction":[{"@type":"SearchAction","target":{"@type":"EntryPoint","urlTemplate":"https:\/\/united-business.lu\/?s={search_term_string}"},"query-input":{"@type":"PropertyValueSpecification","valueRequired":true,"valueName":"search_term_string"}}],"inLanguage":"fr-FR"},{"@type":"Person","@id":"https:\/\/united-business.lu\/#\/schema\/person\/9ec2c328c4b20d485d2b2c67bb810b50","name":"digvis","image":{"@type":"ImageObject","inLanguage":"fr-FR","@id":"https:\/\/secure.gravatar.com\/avatar\/2c46051deb97a40a8fb341b522acb63fdbcd6ca350a2c90501d6921f71cd542a?s=96&d=mm&r=g","url":"https:\/\/secure.gravatar.com\/avatar\/2c46051deb97a40a8fb341b522acb63fdbcd6ca350a2c90501d6921f71cd542a?s=96&d=mm&r=g","contentUrl":"https:\/\/secure.gravatar.com\/avatar\/2c46051deb97a40a8fb341b522acb63fdbcd6ca350a2c90501d6921f71cd542a?s=96&d=mm&r=g","caption":"digvis"},"sameAs":["http:\/\/ubl.local"],"url":"https:\/\/united-business.lu\/fr\/author\/digvis\/"}]}},"_links":{"self":[{"href":"https:\/\/united-business.lu\/fr\/wp-json\/wp\/v2\/posts\/1059","targetHints":{"allow":["GET"]}}],"collection":[{"href":"https:\/\/united-business.lu\/fr\/wp-json\/wp\/v2\/posts"}],"about":[{"href":"https:\/\/united-business.lu\/fr\/wp-json\/wp\/v2\/types\/post"}],"author":[{"embeddable":true,"href":"https:\/\/united-business.lu\/fr\/wp-json\/wp\/v2\/users\/1"}],"replies":[{"embeddable":true,"href":"https:\/\/united-business.lu\/fr\/wp-json\/wp\/v2\/comments?post=1059"}],"version-history":[{"count":5,"href":"https:\/\/united-business.lu\/fr\/wp-json\/wp\/v2\/posts\/1059\/revisions"}],"predecessor-version":[{"id":1122,"href":"https:\/\/united-business.lu\/fr\/wp-json\/wp\/v2\/posts\/1059\/revisions\/1122"}],"wp:featuredmedia":[{"embeddable":true,"href":"https:\/\/united-business.lu\/fr\/wp-json\/wp\/v2\/media\/830"}],"wp:attachment":[{"href":"https:\/\/united-business.lu\/fr\/wp-json\/wp\/v2\/media?parent=1059"}],"wp:term":[{"taxonomy":"category","embeddable":true,"href":"https:\/\/united-business.lu\/fr\/wp-json\/wp\/v2\/categories?post=1059"},{"taxonomy":"post_tag","embeddable":true,"href":"https:\/\/united-business.lu\/fr\/wp-json\/wp\/v2\/tags?post=1059"}],"curies":[{"name":"wp","href":"https:\/\/api.w.org\/{rel}","templated":true}]}}